{"id":124485,"date":"2020-07-18T06:23:35","date_gmt":"2020-07-18T11:23:35","guid":{"rendered":"https:\/\/plazajuarez.mx\/?p=124485"},"modified":"2020-07-18T07:40:46","modified_gmt":"2020-07-18T12:40:46","slug":"confirma-gatell-hidalgo-nuevamente-en-rojo-a-partir-del-lunes","status":"publish","type":"post","link":"https:\/\/plazajuarez.mx\/historico\/confirma-gatell-hidalgo-nuevamente-en-rojo-a-partir-del-lunes\/","title":{"rendered":"Confirman sem\u00e1foro rojo a partir del lunes"},"content":{"rendered":"\n<p>Con base en la informaci\u00f3n proporcionada por el subsecretario de prevenci\u00f3n y promoci\u00f3n de la salud de la Secretar\u00eda de Salud del Gobierno Federal; Hugo L\u00f3pez Gatell; la entidad regresa al color rojo en el sem\u00e1foro de riesgo, para la semana 30, que abarca del pr\u00f3ximo lunes 20 al 26 de julio.<\/p>\n\n\n\n<p>Cabe destacar que de acuerdo con el sem\u00e1foro de riesgo, el color rojo indica el cierre de todas las actividades comerciales no esenciales, continuar con el resguardo en domicilio y no bajar la guardia \u201cSe permitir\u00e1n \u00fanicamente las actividades econ\u00f3micas esenciales, asimismo se permitir\u00e1 tambi\u00e9n que las personas puedan salir a caminar alrededor de sus domicilios durante el d\u00eda\u201d.<\/p>\n\n\n\n<p>Por otra parte el color naranja indica que adem\u00e1s de las actividades econ\u00f3micas esenciales, se permitir\u00e1 que las empresas de las actividades econ\u00f3micas no esenciales trabajen con el 30 por ciento del personal para su funcionamiento, siempre tomando en cuenta las medidas de cuidado m\u00e1ximo para las personas con mayor riesgo de presentar un cuadro grave de COVID-19, se abrir\u00e1n los espacios p\u00fablicos abiertos con un aforo (cantidad de personas) reducido.<\/p>\n\n\n\n<p>En tanto, de acuerdo con el reporte t\u00e9cnico diario que emite la Secretar\u00eda de Salud de Hidalgo (SSH), respecto al estado de la pandemia por COVID-19 en la entidad, en las \u00faltimas 24 horas se registraron 50 nuevos casos positivos, 24 pacientes recuperados y 20 defunciones.<\/p>\n\n\n\n<p>En ese sentido, la estad\u00edstica estatal arroja cinco mil 62 contagiados por la enfermedad, mil 75 recuperados y 860 fallecimientos; hasta el momento nueve mil&nbsp; 71 personas han sido estudiadas, tres mil 638 son negativos y hay 371 sospechosos.<\/p>\n\n\n\n<p>Entre los 50 nuevos casos positivos, dos de ellos son for\u00e1neos, procedentes de Jaltenco, Estado de M\u00e9xico y de la alcald\u00eda La Magdalena Contreras, de la Ciudad de M\u00e9xico.&nbsp;<\/p>\n","protected":false},"excerpt":{"rendered":"<p>Con base en la informaci\u00f3n proporcionada por el subsecretario de prevenci\u00f3n y promoci\u00f3n de la salud de la Secretar\u00eda de Salud del Gobierno Federal; Hugo L\u00f3pez Gatell; la entidad regresa al color rojo en el sem\u00e1foro de riesgo, para la semana 30, que abarca del pr\u00f3ximo lunes 20 al 26 de julio. Cabe destacar que [&hellip;]<\/p>\n","protected":false},"author":73,"featured_media":0,"comment_status":"closed","ping_status":"open","sticky":false,"template":"","format":"standard","meta":{"footnotes":""},"categories":[15,59],"tags":[],"class_list":["post-124485","post","type-post","status-publish","format-standard","hentry","category-destacadas","category-general"],"_links":{"self":[{"href":"https:\/\/plazajuarez.mx\/historico\/wp-json\/wp\/v2\/posts\/124485","targetHints":{"allow":["GET"]}}],"collection":[{"href":"https:\/\/plazajuarez.mx\/historico\/wp-json\/wp\/v2\/posts"}],"about":[{"href":"https:\/\/plazajuarez.mx\/historico\/wp-json\/wp\/v2\/types\/post"}],"author":[{"embeddable":true,"href":"https:\/\/plazajuarez.mx\/historico\/wp-json\/wp\/v2\/users\/73"}],"replies":[{"embeddable":true,"href":"https:\/\/plazajuarez.mx\/historico\/wp-json\/wp\/v2\/comments?post=124485"}],"version-history":[{"count":0,"href":"https:\/\/plazajuarez.mx\/historico\/wp-json\/wp\/v2\/posts\/124485\/revisions"}],"wp:attachment":[{"href":"https:\/\/plazajuarez.mx\/historico\/wp-json\/wp\/v2\/media?parent=124485"}],"wp:term":[{"taxonomy":"category","embeddable":true,"href":"https:\/\/plazajuarez.mx\/historico\/wp-json\/wp\/v2\/categories?post=124485"},{"taxonomy":"post_tag","embeddable":true,"href":"https:\/\/plazajuarez.mx\/historico\/wp-json\/wp\/v2\/tags?post=124485"}],"curies":[{"name":"wp","href":"https:\/\/api.w.org\/{rel}","templated":true}]}}