{"id":124476,"date":"2020-07-18T06:21:34","date_gmt":"2020-07-18T11:21:34","guid":{"rendered":"https:\/\/plazajuarez.mx\/?p=124476"},"modified":"2020-07-18T06:21:45","modified_gmt":"2020-07-18T11:21:45","slug":"musica-clasica-y-comic-se-unen-para-el-cumpleanos-de-beethoven","status":"publish","type":"post","link":"https:\/\/plazajuarez.mx\/historico\/musica-clasica-y-comic-se-unen-para-el-cumpleanos-de-beethoven\/","title":{"rendered":"M\u00fasica cl\u00e1sica y c\u00f3mic se unen para el cumplea\u00f1os de Beethoven"},"content":{"rendered":"\n<ul class=\"wp-block-list\"><li><strong>Pese a que la m\u00fasica de Beethoven se cre\u00f3 hace m\u00e1s de 200 a\u00f1os, sigue emocionando al p\u00fablico, y es uno de los compositores m\u00e1s interpretados en el mundo<\/strong><\/li><\/ul>\n\n\n\n<!--more-->\n\n\n\n<p>La hist\u00f3rica discogr\u00e1fica Deutsche Grammophon celebra este a\u00f1o el 250 aniversario de uno de los m\u00fasicos m\u00e1s influyentes de la historia, Ludwig van Beethoven, con una novela gr\u00e1fica que cuenta su vida, y que estar\u00e1 acompa\u00f1ada por una recopilaci\u00f3n de sus melod\u00edas m\u00e1s importantes.<\/p>\n\n\n\n<p>La novela &#8220;The Final Symphony: A Beethoven Anthology&#8221;, obra de la editorial Z2 Comics, consta de 144 p\u00e1ginas que siguen la vida de este icono de la m\u00fasica a trav\u00e9s de nuevas obras visuales, creadas por destacados artistas, y que saldr\u00e1 a la luz el pr\u00f3ximo mes de noviembre, un mes antes de cumplirse el 250 aniversario del nacimiento del compositor, en diciembre de 1770.<\/p>\n\n\n\n<p>&#8220;Beethoven ha escrito algunas de las piezas de m\u00fasica m\u00e1s reconocibles en la historia del planeta. Es incre\u00edblemente emocionante publicar el trabajo de algunos de los artistas reconocidos de la actualidad&#8221;, dijo en un comunicado el propietario de Z2 Comics, Josh Frankel.<\/p>\n\n\n\n<p>&#8220;Pero tener la oportunidad de contar historias a trav\u00e9s de un c\u00f3mic inspiradas en la vida de uno de los artistas m\u00e1s legendarios de todos los tiempos me llena de humildad&#8221;, asever\u00f3.<\/p>\n\n\n\n<p>Pese a que la m\u00fasica de Beethoven se cre\u00f3 hace m\u00e1s de 200 a\u00f1os, sigue emocionando al p\u00fablico, y es uno de los compositores m\u00e1s interpretados en las salas de conciertos de m\u00fasica cl\u00e1sica: un 13 % de los recitales de este g\u00e9nero musical en 2019 contaron con alguna de sus melod\u00edas.<\/p>\n\n\n\n<p>Adem\u00e1s, en las plataformas digitales, Beethoven cuenta con millones de oyentes al mes, y su m\u00fasica ha formado parte de m\u00e1s de 1.500 pel\u00edculas y programas de televisi\u00f3n, incluyendo &#8220;A Clockwork Orange&#8221;, &#8220;Die Hard&#8221;, &#8220;Dead Poet&#8217;s Society&#8221; , &#8220;Fantas\u00eda&#8221; de Disney, &#8220;The King&#8217;s Speech&#8221;, &#8220;Sherlock&#8221; o &#8220;The Simpsons&#8221;, entre muchos otros.<\/p>\n\n\n\n<p>&#8220;Como una de las discogr\u00e1ficas m\u00e1s longevas, Deutsche Grammophon ha estado celebrando el 250 aniversario de Beethoven con varios proyectos, incluyendo la &#8220;Nueva Edici\u00f3n Completa&#8221; de los trabajo de Beethoven, la m\u00e1s amplia que se ha publicado jam\u00e1s&#8221;, dijo por su parte la vicepresidenta de Marketing de la compa\u00f1\u00eda, Kleopatra Sofroniou.<\/p>\n","protected":false},"excerpt":{"rendered":"<p>Pese a que la m\u00fasica de Beethoven se cre\u00f3 hace m\u00e1s de 200 a\u00f1os, sigue emocionando al p\u00fablico, y es uno de los compositores m\u00e1s interpretados en el mundo<\/p>\n","protected":false},"author":80,"featured_media":0,"comment_status":"closed","ping_status":"open","sticky":false,"template":"","format":"standard","meta":{"footnotes":""},"categories":[41],"tags":[],"class_list":["post-124476","post","type-post","status-publish","format-standard","hentry","category-arteria-cultural"],"_links":{"self":[{"href":"https:\/\/plazajuarez.mx\/historico\/wp-json\/wp\/v2\/posts\/124476","targetHints":{"allow":["GET"]}}],"collection":[{"href":"https:\/\/plazajuarez.mx\/historico\/wp-json\/wp\/v2\/posts"}],"about":[{"href":"https:\/\/plazajuarez.mx\/historico\/wp-json\/wp\/v2\/types\/post"}],"author":[{"embeddable":true,"href":"https:\/\/plazajuarez.mx\/historico\/wp-json\/wp\/v2\/users\/80"}],"replies":[{"embeddable":true,"href":"https:\/\/plazajuarez.mx\/historico\/wp-json\/wp\/v2\/comments?post=124476"}],"version-history":[{"count":0,"href":"https:\/\/plazajuarez.mx\/historico\/wp-json\/wp\/v2\/posts\/124476\/revisions"}],"wp:attachment":[{"href":"https:\/\/plazajuarez.mx\/historico\/wp-json\/wp\/v2\/media?parent=124476"}],"wp:term":[{"taxonomy":"category","embeddable":true,"href":"https:\/\/plazajuarez.mx\/historico\/wp-json\/wp\/v2\/categories?post=124476"},{"taxonomy":"post_tag","embeddable":true,"href":"https:\/\/plazajuarez.mx\/historico\/wp-json\/wp\/v2\/tags?post=124476"}],"curies":[{"name":"wp","href":"https:\/\/api.w.org\/{rel}","templated":true}]}}