{"id":124474,"date":"2020-07-18T06:20:44","date_gmt":"2020-07-18T11:20:44","guid":{"rendered":"https:\/\/plazajuarez.mx\/?p=124474"},"modified":"2020-07-18T06:20:59","modified_gmt":"2020-07-18T11:20:59","slug":"es-el-momento-de-crear-lectores-en-el-mundo-mario-vargas-llosa","status":"publish","type":"post","link":"https:\/\/plazajuarez.mx\/historico\/es-el-momento-de-crear-lectores-en-el-mundo-mario-vargas-llosa\/","title":{"rendered":"&#8220;Es el momento de crear lectores&#8221; en el mundo: Mario Vargas Llosa"},"content":{"rendered":"\n<ul class=\"wp-block-list\"><li><strong>&#8220;Yo creo que aprender a leer fue para m\u00ed un hecho absolutamente fundamental, recuerdo con enorme entusiasmo las primeras historias que pod\u00eda leer\u201d<\/strong><\/li><\/ul>\n\n\n\n<!--more-->\n\n\n\n<p>La actual coyuntura &#8220;tan dif\u00edcil&#8221; que afronta el mundo &#8220;es el momento de crear lectores, de mostrarles a los ni\u00f1os lo entretenida que puede ser la lectura&#8221;, afirm\u00f3 el premio Nobel de Literatura Mario Vargas Llosa.<\/p>\n\n\n\n<p>En un di\u00e1logo con la editora y periodista peruana Adriana Roca, directora de Ediciones Pichoncito, Vargas Llosa afirm\u00f3 que est\u00e1 &#8220;muy agradecido&#8221; porque ese sello haya incluido su biograf\u00eda en la colecci\u00f3n ilustrada para ni\u00f1os &#8220;Peruanos Power&#8221;.<\/p>\n\n\n\n<p>El autor de &#8220;La ciudad y los perros&#8221; y &#8220;Conversaci\u00f3n en La Catedral&#8221; resalt\u00f3 que el libro comience con la historia de c\u00f3mo aprendi\u00f3 a leer, a los cinco a\u00f1os, en el colegio La Salle de la ciudad boliviana de Cochabamba.<\/p>\n\n\n\n<p>&#8220;Yo creo que aprender a leer fue para m\u00ed un hecho absolutamente fundamental, recuerdo con enorme entusiasmo, con enorme alegr\u00eda, lo que fueron las primeras historias que pod\u00eda leer, de tal manera que la lectura se convirti\u00f3 desde esa edad, que era una edad muy peque\u00f1ita, en el gran placer de mi vida&#8221;, rememor\u00f3 con entusiasmo.<\/p>\n\n\n\n<p><strong>LA VOCACI\u00d3N DE UNA VIDA<\/strong><\/p>\n\n\n\n<p>El premio Nobel de Literatura de 2010 agreg\u00f3 que, a tan temprana edad, \u00e9l &#8220;viv\u00eda, no le\u00eda, las historias&#8221; y consider\u00f3 que &#8220;probablemente&#8221; su vocaci\u00f3n de escritor &#8220;nace del placer&#8221; que le produjeron esos libros.<\/p>\n\n\n\n<p>Sin embargo, la posterior decisi\u00f3n de dedicarse a la escritura profesional &#8220;fue un proceso porque en el Per\u00fa en ese tiempo era muy dif\u00edcil ser un escritor, uno ten\u00eda que ganarse la vida&#8221;.<\/p>\n\n\n\n<p>&#8220;Nadie que yo conociera se ganaba la vida escribiendo, salvo que hiciera otras actividades, generalmente los escritores eran abogados, eran profesores universitarios que adem\u00e1s escrib\u00edan libros en el tiempo que les dejaba el trabajo alimenticio&#8221;, acot\u00f3.<\/p>\n\n\n\n<p>Por ese motivo, durante esos a\u00f1os iniciales dud\u00f3 &#8220;mucho&#8221; sobre el trabajo que deb\u00eda hacer para ganarse la vida y en ocasiones pens\u00f3 en la abogac\u00eda o en ser marino, aunque &#8220;al mismo tiempo le\u00eda, y el placer de la lectura superaba a todo lo dem\u00e1s&#8221;.<\/p>\n\n\n\n<p>&#8220;Finalmente decid\u00ed ser periodista&#8221;, remarc\u00f3 antes de recordar que su padre lo llev\u00f3 durante unas vacaciones, antes del \u00faltimo a\u00f1o escolar, al diario La Cr\u00f3nica, donde conoci\u00f3 &#8220;otra Lima, otro Per\u00fa&#8221;.<\/p>\n\n\n\n<p>Era &#8220;el Per\u00fa de la noche, el Per\u00fa noct\u00e1mbulo. Recorr\u00eda comisar\u00edas, hac\u00eda informaciones locales y eso me permiti\u00f3 tener un conocimiento de Lima que fue muy distinto del que yo ten\u00eda antes, yo viv\u00eda en Miraflores, era un mundo m\u00e1s bien preservado, y aqu\u00ed conoc\u00ed el resto de Lima, el resto del Per\u00fa, todas las clases sociales, todos los barrios, fue una experiencia muy enriquecedora&#8221;, cont\u00f3.<\/p>\n\n\n\n<p>El quinto y \u00faltimo a\u00f1o de educaci\u00f3n secundaria lo hizo en la ciudad norte\u00f1a de Piura &#8220;pero siempre trabajando en un peri\u00f3dico&#8221;, recalc\u00f3.<\/p>\n","protected":false},"excerpt":{"rendered":"<p>&#8220;Yo creo que aprender a leer fue para m\u00ed un hecho absolutamente fundamental, recuerdo con enorme entusiasmo las primeras historias que pod\u00eda leer\u201d<\/p>\n","protected":false},"author":80,"featured_media":0,"comment_status":"closed","ping_status":"open","sticky":false,"template":"","format":"standard","meta":{"footnotes":""},"categories":[41],"tags":[],"class_list":["post-124474","post","type-post","status-publish","format-standard","hentry","category-arteria-cultural"],"_links":{"self":[{"href":"https:\/\/plazajuarez.mx\/historico\/wp-json\/wp\/v2\/posts\/124474","targetHints":{"allow":["GET"]}}],"collection":[{"href":"https:\/\/plazajuarez.mx\/historico\/wp-json\/wp\/v2\/posts"}],"about":[{"href":"https:\/\/plazajuarez.mx\/historico\/wp-json\/wp\/v2\/types\/post"}],"author":[{"embeddable":true,"href":"https:\/\/plazajuarez.mx\/historico\/wp-json\/wp\/v2\/users\/80"}],"replies":[{"embeddable":true,"href":"https:\/\/plazajuarez.mx\/historico\/wp-json\/wp\/v2\/comments?post=124474"}],"version-history":[{"count":0,"href":"https:\/\/plazajuarez.mx\/historico\/wp-json\/wp\/v2\/posts\/124474\/revisions"}],"wp:attachment":[{"href":"https:\/\/plazajuarez.mx\/historico\/wp-json\/wp\/v2\/media?parent=124474"}],"wp:term":[{"taxonomy":"category","embeddable":true,"href":"https:\/\/plazajuarez.mx\/historico\/wp-json\/wp\/v2\/categories?post=124474"},{"taxonomy":"post_tag","embeddable":true,"href":"https:\/\/plazajuarez.mx\/historico\/wp-json\/wp\/v2\/tags?post=124474"}],"curies":[{"name":"wp","href":"https:\/\/api.w.org\/{rel}","templated":true}]}}