{"id":124472,"date":"2020-07-18T06:17:46","date_gmt":"2020-07-18T11:17:46","guid":{"rendered":"https:\/\/plazajuarez.mx\/?p=124472"},"modified":"2020-07-18T06:18:00","modified_gmt":"2020-07-18T11:18:00","slug":"en-zacualtipan-un-hombre-va-a-proceso-por-violacion","status":"publish","type":"post","link":"https:\/\/plazajuarez.mx\/historico\/en-zacualtipan-un-hombre-va-a-proceso-por-violacion\/","title":{"rendered":"En Zacualtip\u00e1n, un hombre va a proceso por violaci\u00f3n"},"content":{"rendered":"\n<ul class=\"wp-block-list\"><li><strong>Los hechos, ocurrieron al interior de un domicilio del municipio de Zacualtip\u00e1n<\/strong><\/li><\/ul>\n\n\n\n<!--more-->\n\n\n\n<p>Procuradur\u00eda de Hidalgo, inform\u00f3 que un hombre fue vinculado a proceso por violaci\u00f3n de una menor.<\/p>\n\n\n\n<p>Los hechos, ocurrieron al interior de un domicilio en Zacualtip\u00e1n, donde presuntamente el probable, desde el a\u00f1o 2019, la viol\u00f3 en reiteradas ocasiones.<\/p>\n\n\n\n<p>Derivado de esos actos que la ley marca como violaci\u00f3n, la menor, en compa\u00f1\u00eda de sus familiares, acudieron a la agencia del Ministerio P\u00fablico para iniciar la carpeta de investigaci\u00f3n en contra de Florencio \u201cN\u201d.<\/p>\n\n\n\n<p>El agente del Ministerio P\u00fablico, inici\u00f3 con las investigaciones correspondientes para reunir los datos de prueba en contra del probable y presentarlas ante el juez de control.<\/p>\n\n\n\n<p>En audiencia inicial, el juez de control dictamin\u00f3 que dichos datos presentados por la Procuradur\u00eda General de Justicia del estado de Hidalgo (PGJEH) eran suficientes para, que Florencio \u201cN\u201d, fuera vinculado a proceso por violaci\u00f3n agravada.<\/p>\n\n\n\n<p>La autoridad judicial, fij\u00f3 medida cautelar de prisi\u00f3n preventiva oficiosa contra el probable, con plazo de seis meses para cierre de investigaci\u00f3n.<\/p>\n","protected":false},"excerpt":{"rendered":"<p>Los hechos, ocurrieron al interior de un domicilio del municipio de Zacualtip\u00e1n<\/p>\n","protected":false},"author":93,"featured_media":0,"comment_status":"closed","ping_status":"open","sticky":false,"template":"","format":"standard","meta":{"footnotes":""},"categories":[37],"tags":[],"class_list":["post-124472","post","type-post","status-publish","format-standard","hentry","category-barandilla"],"_links":{"self":[{"href":"https:\/\/plazajuarez.mx\/historico\/wp-json\/wp\/v2\/posts\/124472","targetHints":{"allow":["GET"]}}],"collection":[{"href":"https:\/\/plazajuarez.mx\/historico\/wp-json\/wp\/v2\/posts"}],"about":[{"href":"https:\/\/plazajuarez.mx\/historico\/wp-json\/wp\/v2\/types\/post"}],"author":[{"embeddable":true,"href":"https:\/\/plazajuarez.mx\/historico\/wp-json\/wp\/v2\/users\/93"}],"replies":[{"embeddable":true,"href":"https:\/\/plazajuarez.mx\/historico\/wp-json\/wp\/v2\/comments?post=124472"}],"version-history":[{"count":0,"href":"https:\/\/plazajuarez.mx\/historico\/wp-json\/wp\/v2\/posts\/124472\/revisions"}],"wp:attachment":[{"href":"https:\/\/plazajuarez.mx\/historico\/wp-json\/wp\/v2\/media?parent=124472"}],"wp:term":[{"taxonomy":"category","embeddable":true,"href":"https:\/\/plazajuarez.mx\/historico\/wp-json\/wp\/v2\/categories?post=124472"},{"taxonomy":"post_tag","embeddable":true,"href":"https:\/\/plazajuarez.mx\/historico\/wp-json\/wp\/v2\/tags?post=124472"}],"curies":[{"name":"wp","href":"https:\/\/api.w.org\/{rel}","templated":true}]}}