{"id":124374,"date":"2020-07-17T08:23:44","date_gmt":"2020-07-17T13:23:44","guid":{"rendered":"https:\/\/plazajuarez.mx\/?p=124374"},"modified":"2020-07-17T08:24:00","modified_gmt":"2020-07-17T13:24:00","slug":"no-habra-bono-de-fin-de-administracion","status":"publish","type":"post","link":"https:\/\/plazajuarez.mx\/historico\/no-habra-bono-de-fin-de-administracion\/","title":{"rendered":"\u201cNo habr\u00e1 bono de fin de administraci\u00f3n\u201d"},"content":{"rendered":"\n<ul class=\"wp-block-list\"><li><strong>\u201cNi para funcionarios ni para miembros de la asamblea municipal\u201d, inform\u00f3 el alcalde, Gadoth Tapia Ben\u00edtez&nbsp;<\/strong><\/li><\/ul>\n\n\n\n<ul class=\"wp-block-list\"><li><strong>\u201cHay un presupuesto que incluye salarios hasta el 4 de septiembre; parte proporcional del aguinaldo y vacaciones\u201d.<\/strong><\/li><\/ul>\n\n\n\n<!--more-->\n\n\n\n<p><strong>Tula de Allende<\/strong>.- &#8220;No habr\u00e1 bono de fin de administraci\u00f3n ni para funcionarios ni miembros de la asamblea municipal, s\u00f3lo se dar\u00e1 cumplimiento a lo que marca la ley y que es lo que est\u00e1 presupuestado\u201d, asegur\u00f3 el alcalde, Ismael Gadoth Tapia Ben\u00edtez.<\/p>\n\n\n\n<p>Neg\u00f3 rotundamente el comentario de que se podr\u00eda generar un bono de marcha ni especial ni de ninguna \u00edndole, reiter\u00f3 que s\u00f3lo se pagar\u00e1 lo que est\u00e1 presupuestado que es a lo que tienen derecho los servidores p\u00fablicos, \u201cincluyendo al alcalde, regidores, s\u00edndicas, directores y todos los que forman parte del gobierno municipal\u201d.<\/p>\n\n\n\n<p>Asegur\u00f3 que no habr\u00e1 afectaci\u00f3n a las finanzas p\u00fablicas, al tener claro que el objetivo es hacer una entrega recepci\u00f3n ejemplar y que para eso han trabajado con finanzas sanas y que en este momento sin descuidar los dem\u00e1s aspectos se est\u00e1 atendiendo el tema de salud como una prioridad.<\/p>\n\n\n\n<p>Sumado a que su inter\u00e9s es no dejar deudas de proveedores, obra p\u00fablica, ya que no pueden ser una carga para quienes lleguen a dirigir los destinos del municipio tulense a trav\u00e9s primero de los Concejos Municipales y despu\u00e9s a quienes constitucionalmente la poblaci\u00f3n mediante el voto les d\u00e9 su confianza.<\/p>\n\n\n\n<p>Insisti\u00f3 en que no puede comprometer a la administraci\u00f3n y que en lo que resta del gobierno no habr\u00e1 una sesi\u00f3n para modificaciones al presupuesto y que eso se tendr\u00e1 como garant\u00eda de que todo el recurso se est\u00e1 aplicando es el que se autoriz\u00f3.<\/p>\n\n\n\n<p>Respecto a los trabajadores de confianza que llegaron con \u00e9l a formar parte de la administraci\u00f3n, manifest\u00f3 que su estancia en el gobierno se dio a trav\u00e9s de contratos que concluyen el 4 de septiembre, por lo que tendr\u00e1n que irse con \u00e9l, descart\u00f3 que vayan a demandar al municipio \u201cporque eso no es \u00e9tico\u201d.<\/p>\n\n\n\n<p>Aclar\u00f3 que de acuerdo a lo que establece la operatividad de los Concejos Municipales tendr\u00e1n que darle continuidad al trabajo con las personas que forman parte de la administraci\u00f3n y que posterior a que haya autoridades municipales entonces tendr\u00e1n que dejar la responsabilidad.<\/p>\n\n\n\n<p>Por \u00faltimo, coment\u00f3 que sus colaboradores sab\u00edan la fecha de inicio, as\u00ed como la del t\u00e9rmino del gobierno, \u201ctodos concluimos el 4 de septiembre salvo las condiciones que marque la ley en la operatividad de los Concejos\u201d.<\/p>\n","protected":false},"excerpt":{"rendered":"<p>\u201cNi para funcionarios ni para miembros de la asamblea municipal\u201d, inform\u00f3 el alcalde, Gadoth Tapia Ben\u00edtez&nbsp; \u201cHay un presupuesto que incluye salarios hasta el 4 de septiembre; parte proporcional del aguinaldo y vacaciones\u201d.<\/p>\n","protected":false},"author":71,"featured_media":0,"comment_status":"closed","ping_status":"open","sticky":false,"template":"","format":"standard","meta":{"footnotes":""},"categories":[40],"tags":[],"class_list":["post-124374","post","type-post","status-publish","format-standard","hentry","category-region"],"_links":{"self":[{"href":"https:\/\/plazajuarez.mx\/historico\/wp-json\/wp\/v2\/posts\/124374","targetHints":{"allow":["GET"]}}],"collection":[{"href":"https:\/\/plazajuarez.mx\/historico\/wp-json\/wp\/v2\/posts"}],"about":[{"href":"https:\/\/plazajuarez.mx\/historico\/wp-json\/wp\/v2\/types\/post"}],"author":[{"embeddable":true,"href":"https:\/\/plazajuarez.mx\/historico\/wp-json\/wp\/v2\/users\/71"}],"replies":[{"embeddable":true,"href":"https:\/\/plazajuarez.mx\/historico\/wp-json\/wp\/v2\/comments?post=124374"}],"version-history":[{"count":0,"href":"https:\/\/plazajuarez.mx\/historico\/wp-json\/wp\/v2\/posts\/124374\/revisions"}],"wp:attachment":[{"href":"https:\/\/plazajuarez.mx\/historico\/wp-json\/wp\/v2\/media?parent=124374"}],"wp:term":[{"taxonomy":"category","embeddable":true,"href":"https:\/\/plazajuarez.mx\/historico\/wp-json\/wp\/v2\/categories?post=124374"},{"taxonomy":"post_tag","embeddable":true,"href":"https:\/\/plazajuarez.mx\/historico\/wp-json\/wp\/v2\/tags?post=124374"}],"curies":[{"name":"wp","href":"https:\/\/api.w.org\/{rel}","templated":true}]}}