{"id":124342,"date":"2020-07-17T08:09:37","date_gmt":"2020-07-17T13:09:37","guid":{"rendered":"https:\/\/plazajuarez.mx\/?p=124342"},"modified":"2020-07-17T08:09:51","modified_gmt":"2020-07-17T13:09:51","slug":"en-tula-reportaron-desaparicion-de-un-hombre-de-27-anos","status":"publish","type":"post","link":"https:\/\/plazajuarez.mx\/historico\/en-tula-reportaron-desaparicion-de-un-hombre-de-27-anos\/","title":{"rendered":"En Tula, reportaron desaparici\u00f3n de un hombre de 27 a\u00f1os"},"content":{"rendered":"\n<ul class=\"wp-block-list\"><li><strong>Se le vio por \u00faltima vez el 1 de julio del presente a\u00f1o, en el municipio de Tula de Allende<\/strong><\/li><\/ul>\n\n\n\n<!--more-->\n\n\n\n<p>En las \u00faltimas horas a la Procuradur\u00eda General de Justicia del estado de Hidalgo, se presentaron familiares del joven identificado con el nombre de Osvaldo Antonio Arcos Garc\u00eda, de 27 a\u00f1os de edad, desaparecido, solicitando apoyo de la autoridad y de la ciudadan\u00eda para tratar de localizarlo.<\/p>\n\n\n\n<p>Por ello la dependencia encargada de procurar justicia en la entidad, realiz\u00f3 la ficha de b\u00fasqueda para localizar a Osvaldo Antonio, a quien se le vio por \u00faltima vez el 1 de julio del presente a\u00f1o, en el municipio de Tula de Allende y desde entonces se desconoce su paradero, por lo que hasta el momento se le considera como una persona no localizada.<\/p>\n","protected":false},"excerpt":{"rendered":"<p>Se le vio por \u00faltima vez el 1 de julio del presente a\u00f1o, en el municipio de Tula de Allende<\/p>\n","protected":false},"author":93,"featured_media":0,"comment_status":"closed","ping_status":"open","sticky":false,"template":"","format":"standard","meta":{"footnotes":""},"categories":[37],"tags":[],"class_list":["post-124342","post","type-post","status-publish","format-standard","hentry","category-barandilla"],"_links":{"self":[{"href":"https:\/\/plazajuarez.mx\/historico\/wp-json\/wp\/v2\/posts\/124342","targetHints":{"allow":["GET"]}}],"collection":[{"href":"https:\/\/plazajuarez.mx\/historico\/wp-json\/wp\/v2\/posts"}],"about":[{"href":"https:\/\/plazajuarez.mx\/historico\/wp-json\/wp\/v2\/types\/post"}],"author":[{"embeddable":true,"href":"https:\/\/plazajuarez.mx\/historico\/wp-json\/wp\/v2\/users\/93"}],"replies":[{"embeddable":true,"href":"https:\/\/plazajuarez.mx\/historico\/wp-json\/wp\/v2\/comments?post=124342"}],"version-history":[{"count":0,"href":"https:\/\/plazajuarez.mx\/historico\/wp-json\/wp\/v2\/posts\/124342\/revisions"}],"wp:attachment":[{"href":"https:\/\/plazajuarez.mx\/historico\/wp-json\/wp\/v2\/media?parent=124342"}],"wp:term":[{"taxonomy":"category","embeddable":true,"href":"https:\/\/plazajuarez.mx\/historico\/wp-json\/wp\/v2\/categories?post=124342"},{"taxonomy":"post_tag","embeddable":true,"href":"https:\/\/plazajuarez.mx\/historico\/wp-json\/wp\/v2\/tags?post=124342"}],"curies":[{"name":"wp","href":"https:\/\/api.w.org\/{rel}","templated":true}]}}