{"id":124340,"date":"2020-07-17T08:10:57","date_gmt":"2020-07-17T13:10:57","guid":{"rendered":"https:\/\/plazajuarez.mx\/?p=124340"},"modified":"2020-07-17T08:11:08","modified_gmt":"2020-07-17T13:11:08","slug":"roban-67-celulares-a-gobierno-de-la-cdmx","status":"publish","type":"post","link":"https:\/\/plazajuarez.mx\/historico\/roban-67-celulares-a-gobierno-de-la-cdmx\/","title":{"rendered":"Roban 67 celulares a Gobierno de la CDMX"},"content":{"rendered":"\n<ul class=\"wp-block-list\"><li><strong>Se inform\u00f3 que el atraco a las oficinas del Gobierno Capitalino fue perpetrado el s\u00e1bado pasado<\/strong><\/li><\/ul>\n\n\n\n<!--more-->\n\n\n\n<p>La Fiscal\u00eda General de Justicia (FGJ-CDMX) investiga el robo de 67 equipos celulares marca Motorola, modelo G5 PLAY, propiedad del Gobierno de la Ciudad de M\u00e9xico. Los aparatos fueron hurtados del inmueble ubicado en Plaza de la Constituci\u00f3n #2, edificio Virreinal, oficina 213 perteneciente a la Jefatura de Gobierno.<\/p>\n\n\n\n<p>Seg\u00fan lo narrado por el denunciante, un empleado del GDF en la carpeta de investigaci\u00f3n, CI-FICUH\/CUH-2\/UI-1 S\/D\/00782\/07-2020, el atraco a las oficinas del Gobierno Capitalino se perpetr\u00f3 el s\u00e1bado pasado, los celulares pertenec\u00edan a la Subdirecci\u00f3n de Compras y Control de Materiales; no hay videos del momento de los hechos y adem\u00e1s, los guardias del lugar, aseguran no se dieron cuenta de nada.<\/p>\n\n\n\n<p>El encargado del \u00e1rea se dio cuenta del atraco hasta el lunes, cuando regres\u00f3 a laborar y se percat\u00f3 que la puerta -donde guardaban los celulares y otros aparatos- estaba forzada, de inmediato solicit\u00f3 apoyo, pero ya no se encontr\u00f3 a ning\u00fan sospechoso.<\/p>\n\n\n\n<p>Una vez que la fiscal, Ernestina Godoy y la jefa de gobierno, Claudia Sheinbaum, se enteraron del robo, ordenaron una investigaci\u00f3n exhaustiva para dar con \u00e9l o los responsables de perpetrar una de las oficinas de donde despacha la mandataria local.<\/p>\n","protected":false},"excerpt":{"rendered":"<p>Se inform\u00f3 que el atraco a las oficinas del Gobierno Capitalino fue perpetrado el s\u00e1bado pasado<\/p>\n","protected":false},"author":81,"featured_media":0,"comment_status":"closed","ping_status":"open","sticky":false,"template":"","format":"standard","meta":{"footnotes":""},"categories":[37],"tags":[],"class_list":["post-124340","post","type-post","status-publish","format-standard","hentry","category-barandilla"],"_links":{"self":[{"href":"https:\/\/plazajuarez.mx\/historico\/wp-json\/wp\/v2\/posts\/124340","targetHints":{"allow":["GET"]}}],"collection":[{"href":"https:\/\/plazajuarez.mx\/historico\/wp-json\/wp\/v2\/posts"}],"about":[{"href":"https:\/\/plazajuarez.mx\/historico\/wp-json\/wp\/v2\/types\/post"}],"author":[{"embeddable":true,"href":"https:\/\/plazajuarez.mx\/historico\/wp-json\/wp\/v2\/users\/81"}],"replies":[{"embeddable":true,"href":"https:\/\/plazajuarez.mx\/historico\/wp-json\/wp\/v2\/comments?post=124340"}],"version-history":[{"count":0,"href":"https:\/\/plazajuarez.mx\/historico\/wp-json\/wp\/v2\/posts\/124340\/revisions"}],"wp:attachment":[{"href":"https:\/\/plazajuarez.mx\/historico\/wp-json\/wp\/v2\/media?parent=124340"}],"wp:term":[{"taxonomy":"category","embeddable":true,"href":"https:\/\/plazajuarez.mx\/historico\/wp-json\/wp\/v2\/categories?post=124340"},{"taxonomy":"post_tag","embeddable":true,"href":"https:\/\/plazajuarez.mx\/historico\/wp-json\/wp\/v2\/tags?post=124340"}],"curies":[{"name":"wp","href":"https:\/\/api.w.org\/{rel}","templated":true}]}}