{"id":124337,"date":"2020-07-17T07:52:51","date_gmt":"2020-07-17T12:52:51","guid":{"rendered":"https:\/\/plazajuarez.mx\/?p=124337"},"modified":"2020-07-17T07:53:08","modified_gmt":"2020-07-17T12:53:08","slug":"lo-que-el-pueblo-no-olvida","status":"publish","type":"post","link":"https:\/\/plazajuarez.mx\/historico\/lo-que-el-pueblo-no-olvida\/","title":{"rendered":"Lo que el pueblo no olvida\u2026"},"content":{"rendered":"\n<ul class=\"wp-block-list\"><li><strong>Resulta oportuno hacer un recuento de algunas de las acciones que se han instrumentado para erradicar tanto la corrupci\u00f3n mayor, como la corrupci\u00f3n menor<\/strong><\/li><\/ul>\n\n\n\n<p><strong><em>Por: Paola F\u00e9lix D\u00edaz &#8211; Titular del Fondo Mixto de Promoci\u00f3n Tur\u00edstica de la CDMX; activista social y exdiputada federal<\/em><\/strong><\/p>\n\n\n\n<!--more-->\n\n\n\n<p>A las y los mexicanos: Una de las principales causas de la inseguridad y la pobreza en M\u00e9xico es la corrupci\u00f3n e impunidad que prevalecieron por d\u00e9cadas, cuyas ramificaciones a\u00fan no han podido desterrarse. Me pregunto y le pregunto a las y los lectores de esta columna \u00bfc\u00f3mo ser\u00eda nuestro pa\u00eds si los recursos no se hubieran desviado y sin la vergonzosa corrupci\u00f3n e impunidad que fue solapada e impulsada desde las m\u00e1s altas esferas del poder pol\u00edtico?, \u00bfc\u00f3mo ser\u00eda la vida de las familias mexicanas? y \u00bfcu\u00e1l ser\u00eda el desarrollo econ\u00f3mico y social de nuestra naci\u00f3n?<\/p>\n\n\n\n<p>Corrupci\u00f3n e impunidad que el presidente de la Rep\u00fablica Andr\u00e9s Manuel L\u00f3pez Obrador no tolerar\u00e1. Resulta oportuno hacer un recuento de algunas de las acciones que se han instrumentado para erradicar tanto la corrupci\u00f3n mayor (de Estado), como la corrupci\u00f3n menor (mordidas, d\u00e1divas y moches), pues ello constituye la piedra angular de la transformaci\u00f3n del r\u00e9gimen y de la vida p\u00fablica.<\/p>\n\n\n\n<p>Destaca la austeridad republicana como un principio rector de la administraci\u00f3n p\u00fablica, hoy el gobierno se aprieta el cintur\u00f3n para que lleguen m\u00e1s recursos a las manos de quienes lo necesitan.<\/p>\n\n\n\n<p>La impunidad encontr\u00f3 su ocaso en la actual administraci\u00f3n, hoy est\u00e1 en la c\u00e1rcel Rosario Robles y sujeta a juicio pol\u00edtico en el Congreso por la estafa maestra que permiti\u00f3 al pasado gobierno desviar 7 mil 670 millones de pesos por medio de 128 empresas fantasma. El exgobernador de Veracruz Javier Duarte est\u00e1 en la c\u00e1rcel por desv\u00edo de recursos p\u00fablicos, y el exgobernador de Chihuahua C\u00e9sar Duarte est\u00e1 siendo investigado, debido a que la Unidad de Inteligencia Financiera (UIF) detect\u00f3 propiedades en el extranjero producto de la corrupci\u00f3n.<\/p>\n\n\n\n<p>Se combate la pr\u00e1ctica de las facturas falsas, por lo que la Secretar\u00eda de Hacienda present\u00f3 ya las primeras denuncias contra 43 factureras, las cuales evadieron impuestos por 55 mil millones de pesos.&nbsp;<\/p>\n\n\n\n<p>El caso Odebrecht que en otros pa\u00edses desde 2016 provoc\u00f3 que funcionarios de alto nivel y sus familiares fueran juzgados y encarcelados por corrupci\u00f3n, ahora gracias al tes\u00f3n de la presente administraci\u00f3n, la extradici\u00f3n de Lozoya Austin vislumbra la implacable aplicaci\u00f3n de la ley y la justicia contra todos los involucrados.<\/p>\n\n\n\n<p>Tom\u00e1s Zer\u00f3n, se\u00f1alado por la &#8220;mentira hist\u00f3rica&#8221; sobre los 43 estudiantes desaparecidos en Ayotzinapa, adem\u00e1s de que la Fiscal\u00eda General de la Rep\u00fablica solicit\u00f3 al Poder Judicial 46 \u00f3rdenes de aprehensi\u00f3n en contra de servidores p\u00fablicos.<\/p>\n\n\n\n<p>En el Poder Legislativo se echan cimientos s\u00f3lidos para un nuevo marco jur\u00eddico que permita combatir de manera efectiva la corrupci\u00f3n y poner fin a la impunidad.<\/p>\n\n\n\n<p>Por lo que hace a las malas pr\u00e1cticas y presuntos desv\u00edos de recursos en la actual administraci\u00f3n, se han impuesto sanciones, inhabilitado a funcionarios p\u00fablicos y empresas; se han abierto las investigaciones correspondientes de cara a la ciudadan\u00eda.<\/p>\n\n\n\n<p>Para nadie es un secreto que la corrupci\u00f3n alcanz\u00f3 a los integrantes del Poder Judicial, como lo reconoci\u00f3 el ministro Arturo Zald\u00edvar, presidente de la Suprema Corte de Justicia de la Naci\u00f3n, quien asumi\u00f3 p\u00fablicamente que se necesita una reforma al Poder Judicial.<\/p>\n\n\n\n<p>El establecimiento de un nuevo r\u00e9gimen exige una verdadera vocaci\u00f3n y una renovada convicci\u00f3n de las y los servidores p\u00fablicos. No se requiere ser muy suspicaz para saber qui\u00e9nes m\u00e1s ser\u00e1n alcanzados por la mano de la justicia, hay deudas que el pueblo de M\u00e9xico no olvida y exige que sean saldadas.<\/p>\n\n\n\n<p>Twitter:@LaraPaola1<\/p>\n","protected":false},"excerpt":{"rendered":"<p>Resulta oportuno hacer un recuento de algunas de las acciones que se han instrumentado para erradicar tanto la corrupci\u00f3n mayor, como la corrupci\u00f3n menor Por: Paola F\u00e9lix D\u00edaz &#8211; Titular del Fondo Mixto de Promoci\u00f3n Tur\u00edstica de la CDMX; activista social y exdiputada federal<\/p>\n","protected":false},"author":81,"featured_media":0,"comment_status":"closed","ping_status":"open","sticky":false,"template":"","format":"standard","meta":{"footnotes":""},"categories":[42],"tags":[],"class_list":["post-124337","post","type-post","status-publish","format-standard","hentry","category-nuestrapalabra"],"_links":{"self":[{"href":"https:\/\/plazajuarez.mx\/historico\/wp-json\/wp\/v2\/posts\/124337","targetHints":{"allow":["GET"]}}],"collection":[{"href":"https:\/\/plazajuarez.mx\/historico\/wp-json\/wp\/v2\/posts"}],"about":[{"href":"https:\/\/plazajuarez.mx\/historico\/wp-json\/wp\/v2\/types\/post"}],"author":[{"embeddable":true,"href":"https:\/\/plazajuarez.mx\/historico\/wp-json\/wp\/v2\/users\/81"}],"replies":[{"embeddable":true,"href":"https:\/\/plazajuarez.mx\/historico\/wp-json\/wp\/v2\/comments?post=124337"}],"version-history":[{"count":0,"href":"https:\/\/plazajuarez.mx\/historico\/wp-json\/wp\/v2\/posts\/124337\/revisions"}],"wp:attachment":[{"href":"https:\/\/plazajuarez.mx\/historico\/wp-json\/wp\/v2\/media?parent=124337"}],"wp:term":[{"taxonomy":"category","embeddable":true,"href":"https:\/\/plazajuarez.mx\/historico\/wp-json\/wp\/v2\/categories?post=124337"},{"taxonomy":"post_tag","embeddable":true,"href":"https:\/\/plazajuarez.mx\/historico\/wp-json\/wp\/v2\/tags?post=124337"}],"curies":[{"name":"wp","href":"https:\/\/api.w.org\/{rel}","templated":true}]}}