{"id":124333,"date":"2020-07-17T08:25:05","date_gmt":"2020-07-17T13:25:05","guid":{"rendered":"https:\/\/plazajuarez.mx\/?p=124333"},"modified":"2020-07-17T08:25:26","modified_gmt":"2020-07-17T13:25:26","slug":"modulo-de-contencion-de-roca-en-la-canada","status":"publish","type":"post","link":"https:\/\/plazajuarez.mx\/historico\/modulo-de-contencion-de-roca-en-la-canada\/","title":{"rendered":"M\u00f3dulo de contenci\u00f3n de roca en La Ca\u00f1ada"},"content":{"rendered":"\n<ul class=\"wp-block-list\"><li><strong>Se aplicar\u00e1n recursos municipales&nbsp;<\/strong><\/li><\/ul>\n\n\n\n<ul class=\"wp-block-list\"><li><strong>El m\u00f3dulo de contenci\u00f3n ser\u00e1 de cuatro por cuatro y los trabajos comenzar\u00e1n a partir del 20 de julio.<\/strong><\/li><\/ul>\n\n\n\n<!--more-->\n\n\n\n<p><strong>Tulancingo<\/strong>.- Para atender el punto m\u00e1s cr\u00edtico de deslizamiento de roca en la parte alta de La Ca\u00f1ada, se destinar\u00e1 inversi\u00f3n municipal para acciones de mitigaci\u00f3n, a fin de minimizar riesgos en lugares cercanos a las laderas del cerro.<\/p>\n\n\n\n<p>Dada la importancia del tema, el alcalde, Fernando P\u00e9rez Rodr\u00edguez, instruy\u00f3 que los trabajos sean canalizados a la construcci\u00f3n de un m\u00f3dulo de contenci\u00f3n a base de mamposter\u00eda y estructura de concreto armado.<\/p>\n\n\n\n<p>Cabe mencionar que por las caracter\u00edsticas de la zona se tendr\u00e1 una labor complicada, especialmente por el acarreo de materiales.<\/p>\n\n\n\n<p>Erick de Jes\u00fas Gonz\u00e1lez, secretario de Desarrollo Urbano, Obras P\u00fablicas y Medio Ambiente, dijo que la funci\u00f3n de este m\u00f3dulo ser\u00e1 principalmente, el generar una contenci\u00f3n y apuntalamiento de una de las rocas de mayor riesgo.<\/p>\n\n\n\n<p>Los trabajos para emprender cumplir\u00e1n soluciones t\u00e9cnicas an\u00e1logas para casos similares al que se presenta en La Ca\u00f1ada.<\/p>\n\n\n\n<p>Esta propuesta de mitigaci\u00f3n tambi\u00e9n tiene como fundamento a lo formulado por especialistas del Servicio Geol\u00f3gico Mexicano, quienes&nbsp; efectuaron un recorrido por el espacio rocoso.<\/p>\n\n\n\n<p>Gonz\u00e1lez Garc\u00eda se comprometi\u00f3 a informar de los avances que se vayan obteniendo por tratarse de una obra orientada a la seguridad de los habitantes, minimizando el riesgo precisamente por la composici\u00f3n del cuerpo de la ladera.<\/p>\n\n\n\n<p>A pesar de lo costoso que implica la atenci\u00f3n integral de este tema, la administraci\u00f3n no desde\u00f1a el establecer medios preventivos, como el que est\u00e1 por comenzar.<\/p>\n","protected":false},"excerpt":{"rendered":"<p>Se aplicar\u00e1n recursos municipales&nbsp; El m\u00f3dulo de contenci\u00f3n ser\u00e1 de cuatro por cuatro y los trabajos comenzar\u00e1n a partir del 20 de julio.<\/p>\n","protected":false},"author":93,"featured_media":0,"comment_status":"closed","ping_status":"open","sticky":false,"template":"","format":"standard","meta":{"footnotes":""},"categories":[40],"tags":[],"class_list":["post-124333","post","type-post","status-publish","format-standard","hentry","category-region"],"_links":{"self":[{"href":"https:\/\/plazajuarez.mx\/historico\/wp-json\/wp\/v2\/posts\/124333","targetHints":{"allow":["GET"]}}],"collection":[{"href":"https:\/\/plazajuarez.mx\/historico\/wp-json\/wp\/v2\/posts"}],"about":[{"href":"https:\/\/plazajuarez.mx\/historico\/wp-json\/wp\/v2\/types\/post"}],"author":[{"embeddable":true,"href":"https:\/\/plazajuarez.mx\/historico\/wp-json\/wp\/v2\/users\/93"}],"replies":[{"embeddable":true,"href":"https:\/\/plazajuarez.mx\/historico\/wp-json\/wp\/v2\/comments?post=124333"}],"version-history":[{"count":0,"href":"https:\/\/plazajuarez.mx\/historico\/wp-json\/wp\/v2\/posts\/124333\/revisions"}],"wp:attachment":[{"href":"https:\/\/plazajuarez.mx\/historico\/wp-json\/wp\/v2\/media?parent=124333"}],"wp:term":[{"taxonomy":"category","embeddable":true,"href":"https:\/\/plazajuarez.mx\/historico\/wp-json\/wp\/v2\/categories?post=124333"},{"taxonomy":"post_tag","embeddable":true,"href":"https:\/\/plazajuarez.mx\/historico\/wp-json\/wp\/v2\/tags?post=124333"}],"curies":[{"name":"wp","href":"https:\/\/api.w.org\/{rel}","templated":true}]}}