{"id":124319,"date":"2020-07-17T07:36:27","date_gmt":"2020-07-17T12:36:27","guid":{"rendered":"https:\/\/plazajuarez.mx\/?p=124319"},"modified":"2020-07-17T07:36:42","modified_gmt":"2020-07-17T12:36:42","slug":"habra-derechos-para-hidalguenses-en-el-extranjero","status":"publish","type":"post","link":"https:\/\/plazajuarez.mx\/historico\/habra-derechos-para-hidalguenses-en-el-extranjero\/","title":{"rendered":"Habr\u00e1 derechos para hidalguenses en el extranjero"},"content":{"rendered":"\n<ul class=\"wp-block-list\"><li><strong>Aprueban iniciativa con el que se reforma la Constituci\u00f3n para que los migrantes puedan participar en las elecciones del 2022<\/strong><\/li><\/ul>\n\n\n\n<!--more-->\n\n\n\n<p>Ante el pleno de la 64 Legislatura se aprob\u00f3 por unanimidad el dictamen con el que se garantiza que los hidalguenses migrantes que residan en el extranjero el poder ejercer sus plenos derechos pol\u00edtico-electorales incluso fuera del pa\u00eds, con la intenci\u00f3n de que puedan ser considerados en las elecciones para elegir gobernador en el a\u00f1o 2022.&nbsp;<\/p>\n\n\n\n<p>De acuerdo con este dictamen, la propuesta de reforma al art\u00edculo 17 de la Constituci\u00f3n tiene sustento en el art\u00edculo 35 de la Carta Magna, en el cual se establece que todas y todos los ciudadanos tienen la libertad para votar y ser votados en elecciones populares, mientras que la Ley General de Instituciones y Procedimientos Electorales refiere en los art\u00edculos 329 al 356 que reconoce el voto en el extranjero.&nbsp;<\/p>\n\n\n\n<p>La impulsora de esta reforma, la diputada Noem\u00ed Zitle Rivas, declar\u00f3 que este tipo de reformas remarca la importancia de asegurar los derechos pol\u00edtico-electorales de los hidalguenses que residen en el extranjero, ya que asever\u00f3 que, aunque no se encuentran presentes en el estado, tambi\u00e9n deben ser part\u00edcipes dentro del desarrollo de la democracia.<\/p>\n","protected":false},"excerpt":{"rendered":"<p>Aprueban iniciativa con el que se reforma la Constituci\u00f3n para que los migrantes puedan participar en las elecciones del 2022<\/p>\n","protected":false},"author":93,"featured_media":0,"comment_status":"closed","ping_status":"open","sticky":false,"template":"","format":"standard","meta":{"footnotes":""},"categories":[59],"tags":[],"class_list":["post-124319","post","type-post","status-publish","format-standard","hentry","category-general"],"_links":{"self":[{"href":"https:\/\/plazajuarez.mx\/historico\/wp-json\/wp\/v2\/posts\/124319","targetHints":{"allow":["GET"]}}],"collection":[{"href":"https:\/\/plazajuarez.mx\/historico\/wp-json\/wp\/v2\/posts"}],"about":[{"href":"https:\/\/plazajuarez.mx\/historico\/wp-json\/wp\/v2\/types\/post"}],"author":[{"embeddable":true,"href":"https:\/\/plazajuarez.mx\/historico\/wp-json\/wp\/v2\/users\/93"}],"replies":[{"embeddable":true,"href":"https:\/\/plazajuarez.mx\/historico\/wp-json\/wp\/v2\/comments?post=124319"}],"version-history":[{"count":0,"href":"https:\/\/plazajuarez.mx\/historico\/wp-json\/wp\/v2\/posts\/124319\/revisions"}],"wp:attachment":[{"href":"https:\/\/plazajuarez.mx\/historico\/wp-json\/wp\/v2\/media?parent=124319"}],"wp:term":[{"taxonomy":"category","embeddable":true,"href":"https:\/\/plazajuarez.mx\/historico\/wp-json\/wp\/v2\/categories?post=124319"},{"taxonomy":"post_tag","embeddable":true,"href":"https:\/\/plazajuarez.mx\/historico\/wp-json\/wp\/v2\/tags?post=124319"}],"curies":[{"name":"wp","href":"https:\/\/api.w.org\/{rel}","templated":true}]}}