{"id":124315,"date":"2020-07-17T07:14:28","date_gmt":"2020-07-17T12:14:28","guid":{"rendered":"https:\/\/plazajuarez.mx\/?p=124315"},"modified":"2020-07-17T07:18:15","modified_gmt":"2020-07-17T12:18:15","slug":"hidalgo-regresara-a-semaforo-rojo","status":"publish","type":"post","link":"https:\/\/plazajuarez.mx\/historico\/hidalgo-regresara-a-semaforo-rojo\/","title":{"rendered":"Hidalgo regresar\u00e1 a sem\u00e1foro rojo"},"content":{"rendered":"\n<p>Hidalgo volver\u00e1 al sem\u00e1foro rojo la siguiente semana junto con entidades como Baja California Sur, Jalisco, Oaxaca, Quer\u00e9taro, Quintana Roo, San Luis Potos\u00ed, Yucat\u00e1n y Zacatecas. <\/p>\n\n\n\n<p>Lo anterior, de acuerdo con autoridades de la Secretar\u00eda de Salud que perfilan el sem\u00e1foro epidemiol\u00f3gico con 18 estados en color rojo y 14 en naranja. <\/p>\n\n\n\n<p>Hasta el d\u00eda jueves, Hidalgo report\u00f3 5,134 casos de&nbsp;COVID19, 398 sospechosos, 1,051 casos de pacientes recuperados y 841 defunciones de acuerdo a la informaci\u00f3n del Instituto de Diagn\u00f3stico y Referencia Epidemiol\u00f3gicos&nbsp;InDRE&nbsp;de la Secretar\u00eda de Salud.<\/p>\n\n\n\n<p>La Secretar\u00eda de Salud indic\u00f3 que se suman 122 casos de personas de Hidalgo que est\u00e1n siendo atendidas en otras entidades federativas por&nbsp;coronavirus. <\/p>\n","protected":false},"excerpt":{"rendered":"<p>Hidalgo volver\u00e1 al sem\u00e1foro rojo la siguiente semana junto con entidades como Baja California Sur, Jalisco, Oaxaca, Quer\u00e9taro, Quintana Roo, San Luis Potos\u00ed, Yucat\u00e1n y Zacatecas. Lo anterior, de acuerdo con autoridades de la Secretar\u00eda de Salud que perfilan el sem\u00e1foro epidemiol\u00f3gico con 18 estados en color rojo y 14 en naranja. Hasta el d\u00eda [&hellip;]<\/p>\n","protected":false},"author":93,"featured_media":0,"comment_status":"closed","ping_status":"open","sticky":false,"template":"","format":"standard","meta":{"footnotes":""},"categories":[15,59],"tags":[],"class_list":["post-124315","post","type-post","status-publish","format-standard","hentry","category-destacadas","category-general"],"_links":{"self":[{"href":"https:\/\/plazajuarez.mx\/historico\/wp-json\/wp\/v2\/posts\/124315","targetHints":{"allow":["GET"]}}],"collection":[{"href":"https:\/\/plazajuarez.mx\/historico\/wp-json\/wp\/v2\/posts"}],"about":[{"href":"https:\/\/plazajuarez.mx\/historico\/wp-json\/wp\/v2\/types\/post"}],"author":[{"embeddable":true,"href":"https:\/\/plazajuarez.mx\/historico\/wp-json\/wp\/v2\/users\/93"}],"replies":[{"embeddable":true,"href":"https:\/\/plazajuarez.mx\/historico\/wp-json\/wp\/v2\/comments?post=124315"}],"version-history":[{"count":0,"href":"https:\/\/plazajuarez.mx\/historico\/wp-json\/wp\/v2\/posts\/124315\/revisions"}],"wp:attachment":[{"href":"https:\/\/plazajuarez.mx\/historico\/wp-json\/wp\/v2\/media?parent=124315"}],"wp:term":[{"taxonomy":"category","embeddable":true,"href":"https:\/\/plazajuarez.mx\/historico\/wp-json\/wp\/v2\/categories?post=124315"},{"taxonomy":"post_tag","embeddable":true,"href":"https:\/\/plazajuarez.mx\/historico\/wp-json\/wp\/v2\/tags?post=124315"}],"curies":[{"name":"wp","href":"https:\/\/api.w.org\/{rel}","templated":true}]}}