{"id":124301,"date":"2020-07-17T06:24:25","date_gmt":"2020-07-17T11:24:25","guid":{"rendered":"https:\/\/plazajuarez.mx\/?p=124301"},"modified":"2020-07-17T06:24:40","modified_gmt":"2020-07-17T11:24:40","slug":"aprueban-revocacion-de-mandato","status":"publish","type":"post","link":"https:\/\/plazajuarez.mx\/historico\/aprueban-revocacion-de-mandato\/","title":{"rendered":"Aprueban revocaci\u00f3n de mandato"},"content":{"rendered":"\n<ul class=\"wp-block-list\"><li><strong>Se tendr\u00e1 que respaldar con al menos el 10 por ciento de la poblaci\u00f3n de la lista nominal en la entidad<\/strong><\/li><\/ul>\n\n\n\n<!--more-->\n\n\n\n<p>Con el objetivo de empoderar a la ciudadan\u00eda y fortalecer la democracia, ayer, los integrantes de la Legislatura aprobaron la reforma constitucional para la revocaci\u00f3n de mandato, por lo que ante la falta de trabajo, actos de corrupci\u00f3n y m\u00e1s en los que se vea involucrado un funcionario electo como el propio gobernador, se podr\u00e1 iniciar un proceso para destituirlo del cargo.<\/p>\n\n\n\n<p>Para que suceda lo anterior, se tendr\u00e1 que respaldar con al menos el 10 por ciento de la poblaci\u00f3n de la lista nominal en la entidad, y deber\u00e1n estar de acuerdo por lo menos la mitad m\u00e1s uno del total de municipios (43). \u201cEl mandato del Gobernador podr\u00e1 ser revocado en los t\u00e9rminos establecidos en esta Constituci\u00f3n y la legislaci\u00f3n secundaria. La solicitud deber\u00e1 plantearse durante los tres meses posteriores a la conclusi\u00f3n del tercer a\u00f1o del periodo constitucional, por un n\u00famero equivalente, al menos, al 10 por ciento de la lista nominal de electores de Hidalgo, en la mitad m\u00e1s uno de los municipios hidalguenses\u201d.&nbsp;<\/p>\n\n\n\n<p>La propuesta tambi\u00e9n establece que el ejecutivo velar\u00e1 por el mismo principio, en su facultad de nombrar a las y los Magistrados del Tribunal Superior de Justicia y Magistrados del Tribunal de Justicia Administrativa. Por lo anterior, se estableci\u00f3 un plazo de 90 d\u00edas posterior a la publicaci\u00f3n del decreto, para que se realicen las adecuaciones necesarias a la legislaci\u00f3n.<\/p>\n\n\n\n<p>En el caso de las autoridades que no se renuevan mediante procesos electorales, su integraci\u00f3n y designaci\u00f3n habr\u00e1 de realizarse de manera progresiva, a partir de las nuevas designaciones y nombramientos que correspondan.<\/p>\n","protected":false},"excerpt":{"rendered":"<p>Se tendr\u00e1 que respaldar con al menos el 10 por ciento de la poblaci\u00f3n de la lista nominal en la entidad<\/p>\n","protected":false},"author":72,"featured_media":0,"comment_status":"closed","ping_status":"open","sticky":false,"template":"","format":"standard","meta":{"footnotes":""},"categories":[59],"tags":[],"class_list":["post-124301","post","type-post","status-publish","format-standard","hentry","category-general"],"_links":{"self":[{"href":"https:\/\/plazajuarez.mx\/historico\/wp-json\/wp\/v2\/posts\/124301","targetHints":{"allow":["GET"]}}],"collection":[{"href":"https:\/\/plazajuarez.mx\/historico\/wp-json\/wp\/v2\/posts"}],"about":[{"href":"https:\/\/plazajuarez.mx\/historico\/wp-json\/wp\/v2\/types\/post"}],"author":[{"embeddable":true,"href":"https:\/\/plazajuarez.mx\/historico\/wp-json\/wp\/v2\/users\/72"}],"replies":[{"embeddable":true,"href":"https:\/\/plazajuarez.mx\/historico\/wp-json\/wp\/v2\/comments?post=124301"}],"version-history":[{"count":0,"href":"https:\/\/plazajuarez.mx\/historico\/wp-json\/wp\/v2\/posts\/124301\/revisions"}],"wp:attachment":[{"href":"https:\/\/plazajuarez.mx\/historico\/wp-json\/wp\/v2\/media?parent=124301"}],"wp:term":[{"taxonomy":"category","embeddable":true,"href":"https:\/\/plazajuarez.mx\/historico\/wp-json\/wp\/v2\/categories?post=124301"},{"taxonomy":"post_tag","embeddable":true,"href":"https:\/\/plazajuarez.mx\/historico\/wp-json\/wp\/v2\/tags?post=124301"}],"curies":[{"name":"wp","href":"https:\/\/api.w.org\/{rel}","templated":true}]}}