{"id":124299,"date":"2020-07-17T06:27:14","date_gmt":"2020-07-17T11:27:14","guid":{"rendered":"https:\/\/plazajuarez.mx\/?p=124299"},"modified":"2020-07-17T06:27:27","modified_gmt":"2020-07-17T11:27:27","slug":"dese-por-enterado-741","status":"publish","type":"post","link":"https:\/\/plazajuarez.mx\/historico\/dese-por-enterado-741\/","title":{"rendered":"DESE POR ENTERADO"},"content":{"rendered":"\n<p><strong>ELECCIONES PARA OCTUBRE, AHORA S\u00cd VA EN SERIO.-<\/strong> Con todo y que el Grupo Universidad pele\u00f3 hasta el \u00faltimo momento la posibilidad de que la elecci\u00f3n de Presidentes Municipales en Hidalgo se pospusiera por tiempo indefinido, ayer por la noche autoridades electorales estatales y federales acordaron que de manera tentativa la fecha ser\u00e1 el pr\u00f3ximo 18 de octubre. Es decir que los Concejos de Administraci\u00f3n que ser\u00e1n nombrados pr\u00f3ximamente, y que algunos pretend\u00edan gan\u00e1rselos a como diera lugar para hacer de las suyas, simplemente ser\u00e1n de transici\u00f3n y por un tiempo m\u00ednimo. As\u00ed que por lo mientras, esta v\u00eda para cometer marruller\u00edas ya se les ceb\u00f3 a los de siempre.<\/p>\n\n\n\n<hr class=\"wp-block-separator\"\/>\n\n\n\n<p><strong>REVOCACI\u00d3N DE MANDATO, ACU\u00c9RDENSE DE TIZOC.-<\/strong> El Congreso del Estado aval\u00f3 por unanimidad modificaciones a la constituci\u00f3n que permitir\u00e1n la revocaci\u00f3n de mandato de gobernador, diputados locales y de los integrantes de ayuntamientos. Resulta una medida interesante en todo el sentido de la palabra para que la ciudadan\u00eda decida, en caso necesario, decirle adi\u00f3s a los funcionarios descritos, y en el caso espec\u00edfico, del jefe del gobierno hidalguense; podr\u00e1 activarse luego de tres a\u00f1os de su gesti\u00f3n. Los hijos del Santo Patrono por supuesto se dijeron, \u201cahora es cuando, porque si no nos pelaron cuando exigimos la desaparici\u00f3n de poderes, esta es nuestra\u201d. Deben recordar los susodicho la pel\u00edcula de Tizoc cuando unos enemigos del personaje encarnado por Pedro Infante acuden al brujo para que de plano lo mande al Valle de las Calacas con alg\u00fan conjuro, ya que le ten\u00edan tirria. De pronto escuchan el canto del tecolote y lo celebran, por aquello de que, \u201ccuando el tecolote canta\u2026 el indio muere\u201d. Pero el brujo ataja el festejo y les dice: \u201cs\u00ed, es cierto que cuando canta el tecolote, el indio muere\u2026\u00a1pero aqu\u00ed todos somos indios!\u201d. As\u00ed que mejor paren su fiestecita.<\/p>\n\n\n\n<hr class=\"wp-block-separator\"\/>\n\n\n\n<p><strong>CRIS\u00d3FORO, OTRO INDEPENDIENTE DE \u201cA MENTIS\u201d.-<\/strong> \u201cPorque yo me lo ped\u00ed\u201d, declar\u00f3 el ahora ex diputado local del Partido Encuentro Social, Cris\u00f3foro Rodr\u00edguez, anunci\u00f3 que ya era representante popular in-de-pen-dien-te, es decir que ya no le rinde cuentas a nadie como no se su propia conciencia. Y como es de todos sabido el legislador que gusta de pasearse y por eso quer\u00eda la Comisi\u00f3n de Turismo, as\u00ed que digan ustedes tiene mucha conciencia, pues no. De tal modo que ya est\u00e1 listo para recibir ofertas de quienes tengan necesidad de un voto de \u00faltima hora. Este tipo de sujetos que llegan con el voto popular a un cargo, en serio que muestran a diestra y siniestra los bajos fondos de la pol\u00edtica. Mucho se parece al cantante que ahora jura ser\u00e1 candidato de Morena por Pachuca. Ni a cu\u00e1l irle.<\/p>\n\n\n\n<hr class=\"wp-block-separator\"\/>\n\n\n\n<p><strong>EL PATO PASCUAL NO TOMA BOING, SINO CHELAS.-<\/strong> Otra del alcalde de Ixmiquilpan, Pascual Charrez, quien en plena traici\u00f3n del refresco de la cooperativa Boing, que se llama Pato Pascual, y al que debe su nombre, sali\u00f3 a tomarse una preciosa cerveza en michelada, lo que no tiene nada de malo, pero s\u00ed cuando nos enteramos lo hizo en plena pandemia y cuando el establecimiento donde fue a empinar el codo no deb\u00eda abrir. Pero como La Ley del Valle es de la de los emperadores Charrez, pues.<\/p>\n\n\n\n<hr class=\"wp-block-separator\"\/>\n\n\n\n<p><strong><em>Aviso para que no digan: Esa columna se nutre de comentarios recabados en agencias del Recontra-Espionaje, muy similares a las que populariz\u00f3 el \u201cS\u00faper Agente 86\u201d en sus tiempos. Como tal, usted est\u00e1 en libertad de creer o no lo que lee, recontra-enojarse, recontra-carcajearse y hasta recontra-recordarnos a nuestra jefecita (nosotros recontra-hacemos lo propio). Avisado est\u00e1 usted.<\/em><\/strong><\/p>\n\n\n\n<p>Dudas y comentarios:<\/p>\n\n\n\n<p><a href=\"mailto:desexenterado@gmail.com\">desexenterado@gmail.com<\/a><\/p>\n\n\n\n<p>@desexenterado<\/p>\n","protected":false},"excerpt":{"rendered":"<p>ELECCIONES PARA OCTUBRE, AHORA S\u00cd VA EN SERIO.- Con todo y que el Grupo Universidad pele\u00f3 hasta el \u00faltimo momento la posibilidad de que la elecci\u00f3n de Presidentes Municipales en Hidalgo se pospusiera por tiempo indefinido, ayer por la noche autoridades electorales estatales y federales acordaron que de manera tentativa la fecha ser\u00e1 el pr\u00f3ximo [&hellip;]<\/p>\n","protected":false},"author":93,"featured_media":0,"comment_status":"closed","ping_status":"open","sticky":false,"template":"","format":"standard","meta":{"footnotes":""},"categories":[83],"tags":[],"class_list":["post-124299","post","type-post","status-publish","format-standard","hentry","category-dese-por-enterado"],"_links":{"self":[{"href":"https:\/\/plazajuarez.mx\/historico\/wp-json\/wp\/v2\/posts\/124299","targetHints":{"allow":["GET"]}}],"collection":[{"href":"https:\/\/plazajuarez.mx\/historico\/wp-json\/wp\/v2\/posts"}],"about":[{"href":"https:\/\/plazajuarez.mx\/historico\/wp-json\/wp\/v2\/types\/post"}],"author":[{"embeddable":true,"href":"https:\/\/plazajuarez.mx\/historico\/wp-json\/wp\/v2\/users\/93"}],"replies":[{"embeddable":true,"href":"https:\/\/plazajuarez.mx\/historico\/wp-json\/wp\/v2\/comments?post=124299"}],"version-history":[{"count":0,"href":"https:\/\/plazajuarez.mx\/historico\/wp-json\/wp\/v2\/posts\/124299\/revisions"}],"wp:attachment":[{"href":"https:\/\/plazajuarez.mx\/historico\/wp-json\/wp\/v2\/media?parent=124299"}],"wp:term":[{"taxonomy":"category","embeddable":true,"href":"https:\/\/plazajuarez.mx\/historico\/wp-json\/wp\/v2\/categories?post=124299"},{"taxonomy":"post_tag","embeddable":true,"href":"https:\/\/plazajuarez.mx\/historico\/wp-json\/wp\/v2\/tags?post=124299"}],"curies":[{"name":"wp","href":"https:\/\/api.w.org\/{rel}","templated":true}]}}