{"id":124295,"date":"2020-07-16T20:16:12","date_gmt":"2020-07-17T01:16:12","guid":{"rendered":"https:\/\/plazajuarez.mx\/?p=124295"},"modified":"2020-07-16T20:16:29","modified_gmt":"2020-07-17T01:16:29","slug":"dara-fayad-seguridad-social-a-trabajadores-de-universidades","status":"publish","type":"post","link":"https:\/\/plazajuarez.mx\/historico\/dara-fayad-seguridad-social-a-trabajadores-de-universidades\/","title":{"rendered":"DAR\u00c1 FAYAD SEGURIDAD SOCIAL A TRABAJADORES DE UNIVERSIDADES"},"content":{"rendered":"\n<ul class=\"wp-block-list\"><li><strong>Petici\u00f3n que data de hace 20 a\u00f1os por parte de plantilla laboral de 10 Instituciones p\u00fablicas de educaci\u00f3n superior<\/strong><\/li><li><strong>El titular del Ejecutivo estatal ser\u00e1 garante de la seguridad social de personal docente, administrativo y directivo; as\u00ed como de sus familias<\/strong><\/li><\/ul>\n\n\n\n<!--more-->\n\n\n\n<p>El gobernador Omar Fayad envi\u00f3 al Congreso estatal la iniciativa de decreto garante para afiliar al Instituto Mexicano del Seguro Social (IMSS) a personal que labora en diez instituciones de educaci\u00f3n superior, en funciones de docentes, administrativos y directivos, que desde hace 20 a\u00f1os carec\u00edan de dicha prestaci\u00f3n.<\/p>\n\n\n\n<p>El titular del Ejecutivo estatal conf\u00eda en que las y los diputados de la Comisi\u00f3n Permanente de Hacienda y Presupuesto dictaminen de manera favorable y que el Pleno del Poder Legislativo apruebe esta demanda social, latente desde hace dos d\u00e9cadas.<\/p>\n\n\n\n<p>El gobernador Fayad ser\u00e1 garante de la seguridad social de las y los trabajadores de las instituciones de educaci\u00f3n superior quienes han expresado esta leg\u00edtima demanda laboral, \u201cpues estoy convencido y orgulloso de su valiosa aportaci\u00f3n en beneficio de la juventud hidalguense\u201d.<\/p>\n\n\n\n<p>Mi gobierno -expres\u00f3- estar\u00e1 atento para que, reunidas las condiciones, se formalicen los convenios con el IMSS y de inmediato se otorgue todas las prestaciones que garanticen el bienestar de este sector de la sociedad hidalguense, ante una necesidad como una enfermedad, situaci\u00f3n de desempleo, invalidez, vejez y muerte, prestaciones econ\u00f3micas, entre otras.<\/p>\n\n\n\n<p>Reiter\u00f3 que desde el inicio de su administraci\u00f3n asumi\u00f3 el reto hist\u00f3rico de resolver el problema de la seguridad social en las instituciones de educaci\u00f3n superior, en beneficio de las y los trabajadores y sus familias.<\/p>\n\n\n\n<p>Las personas beneficiadas con el decreto laboran en: Instituto Tecnol\u00f3gico Superior del Oriente del Estado de Hidalgo; Universidad Polit\u00e9cnica Metropolitana de Hidalgo; Universidad Polit\u00e9cnica de Francisco I. Madero; Universidad Polit\u00e9cnica de Huejutla; Universidad Polit\u00e9cnica de la Energ\u00eda; Universidad Tecnol\u00f3gica de la Zona Metropolitana del Valle de M\u00e9xico; Universidad Tecnol\u00f3gica Minera de Zimap\u00e1n; Universidad Tecnol\u00f3gica de Mineral de la Reforma; Universidad Intercultural del Estado de Hidalgo; y el Colegio del Estado de Hidalgo.&nbsp;<\/p>\n","protected":false},"excerpt":{"rendered":"<p>Petici\u00f3n que data de hace 20 a\u00f1os por parte de plantilla laboral de 10 Instituciones p\u00fablicas de educaci\u00f3n superior El titular del Ejecutivo estatal ser\u00e1 garante de la seguridad social de personal docente, administrativo y directivo; as\u00ed como de sus familias<\/p>\n","protected":false},"author":93,"featured_media":0,"comment_status":"closed","ping_status":"open","sticky":false,"template":"","format":"standard","meta":{"footnotes":""},"categories":[15,59],"tags":[],"class_list":["post-124295","post","type-post","status-publish","format-standard","hentry","category-destacadas","category-general"],"_links":{"self":[{"href":"https:\/\/plazajuarez.mx\/historico\/wp-json\/wp\/v2\/posts\/124295","targetHints":{"allow":["GET"]}}],"collection":[{"href":"https:\/\/plazajuarez.mx\/historico\/wp-json\/wp\/v2\/posts"}],"about":[{"href":"https:\/\/plazajuarez.mx\/historico\/wp-json\/wp\/v2\/types\/post"}],"author":[{"embeddable":true,"href":"https:\/\/plazajuarez.mx\/historico\/wp-json\/wp\/v2\/users\/93"}],"replies":[{"embeddable":true,"href":"https:\/\/plazajuarez.mx\/historico\/wp-json\/wp\/v2\/comments?post=124295"}],"version-history":[{"count":0,"href":"https:\/\/plazajuarez.mx\/historico\/wp-json\/wp\/v2\/posts\/124295\/revisions"}],"wp:attachment":[{"href":"https:\/\/plazajuarez.mx\/historico\/wp-json\/wp\/v2\/media?parent=124295"}],"wp:term":[{"taxonomy":"category","embeddable":true,"href":"https:\/\/plazajuarez.mx\/historico\/wp-json\/wp\/v2\/categories?post=124295"},{"taxonomy":"post_tag","embeddable":true,"href":"https:\/\/plazajuarez.mx\/historico\/wp-json\/wp\/v2\/tags?post=124295"}],"curies":[{"name":"wp","href":"https:\/\/api.w.org\/{rel}","templated":true}]}}