{"id":124290,"date":"2020-07-16T18:36:53","date_gmt":"2020-07-16T23:36:53","guid":{"rendered":"https:\/\/plazajuarez.mx\/?p=124290"},"modified":"2020-07-16T18:37:09","modified_gmt":"2020-07-16T23:37:09","slug":"lopez-obrador-advierte-al-cartel-jalisco-que-no-se-intimidara-ante-el-crimen","status":"publish","type":"post","link":"https:\/\/plazajuarez.mx\/historico\/lopez-obrador-advierte-al-cartel-jalisco-que-no-se-intimidara-ante-el-crimen\/","title":{"rendered":"L\u00f3pez Obrador advierte al C\u00e1rtel Jalisco que no se intimidar\u00e1 ante el crimen"},"content":{"rendered":"\n<ul class=\"wp-block-list\"><li><strong>Expres\u00f3 que su Gobierno no se va a &#8220;intimidar&#8221; por la violencia ni negociar\u00e1 con el crimen organizado.<\/strong><\/li><\/ul>\n\n\n\n<!--more-->\n\n\n\n<p>El presidente de M\u00e9xico, Andr\u00e9s Manuel L\u00f3pez Obrador, advirti\u00f3 este jueves desde el occidental estado de Jalisco, sede del C\u00e1rtel Jalisco Nueva Generaci\u00f3n, que su Gobierno no se va a &#8220;intimidar&#8221; por la violencia ni negociar\u00e1 con el crimen organizado.<\/p>\n\n\n\n<p>&#8220;Quiero que se escuche bien y se escuche lejos. No vamos a negociar con la delincuencia. Vamos a actuar con estricto apego a la ley&#8221;, dijo durante un acto de inauguraci\u00f3n de un cuartel de la Guardia Nacional en el municipio de Zapopan, colindante con Guadalajara, capital de Jalisco.<\/p>\n\n\n\n<p>El presidente, que cre\u00f3 este nuevo cuerpo de seguridad formado por militares y polic\u00edas, dijo que su Gobierno evita que la lucha contra la delincuencia derive en &#8220;masacres&#8221; y que la combate &#8220;con m\u00e1s inteligencia que con fuerza&#8221;.<\/p>\n\n\n\n<p>&#8220;Vamos a seguir combatiendo a la delincuencia y no vamos a dejarnos intimidar&#8221;, avis\u00f3 el presidente, quien se encuentra en una gira por algunos de los estados m\u00e1s violentos del pa\u00eds.<\/p>\n\n\n\n<p>L\u00f3pez Obrador asegur\u00f3 que durante los gobiernos anteriores &#8220;no hab\u00eda frontera entre la delincuencia y la autoridad&#8221; y que los gobernantes &#8220;vend\u00edan plazas para que los delincuentes actuaran con manga ancha e impunidad&#8221;.<\/p>\n\n\n\n<p>Asimismo, denunci\u00f3 que &#8220;no se registraban&#8221; correctamente los datos de la criminalidad en los diferentes estados y que hab\u00eda &#8220;muy pocas detenciones y decomisos de drogas&#8221;.<\/p>\n\n\n\n<h4 class=\"wp-block-heading\">RECONCILIACI\u00d3N CON EL GOBERNADOR<\/h4>\n\n\n\n<p>Tras varios desencuentros sobre las pol\u00edticas sanitarias y econ\u00f3micas del Gobierno, L\u00f3pez Obrador acerc\u00f3 posturas con el gobernador de Jalisco, el opositor Enrique Alfaro, con motivo de la violencia que sufre el estado.<\/p>\n\n\n\n<p>&#8220;Ante amenazas e intimidaciones, le decimos al gobernador Enrique Alfaro que no est\u00e1 solo, cuenta con el apoyo del Gobierno federal. Estamos juntos para enfrentar el desaf\u00edo de la delincuencia&#8221;, dijo L\u00f3pez Obrador sobre las amenazas del C\u00e1rtel Jalisco contra el mandatario regional.<\/p>\n\n\n\n<p>El presidente dijo que las administraciones se van a &#8220;proteger mutuamente&#8221; y que el Gobierno federal va a &#8220;seguir respaldando a los gobiernos municipales y estatales&#8221;.<\/p>\n\n\n\n<p>&#8220;Es una extraordinaria se\u00f1al su presencia en Jalisco en momentos dif\u00edciles porque el mensaje que se manda es claro y contundente: en Jalisco hay unidad con nuestro presidente y compartimos la necesidad de cerrar filas por el bien del pa\u00eds&#8221;, expres\u00f3 Alfaro ante L\u00f3pez Obrador en el evento.<\/p>\n\n\n\n<p>Con 7,8 millones de habitantes, Jalisco es el quinto estado del pa\u00eds con m\u00e1s homicidios dolosos, 2.802 desde diciembre de 2018, y ocupa el lugar n\u00famero 12 en cuanto a la tasa de homicidios, al registrar 37,7 por cada 100.000 habitantes.<\/p>\n\n\n\n<p>L\u00f3pez Obrador est\u00e1 recorriendo esta semana los estados de Guanajuato, Jalisco y Colima despu\u00e9s de que los grandes c\u00e1rteles hayan protagonizado \u00faltimamente varios eventos violentos.<\/p>\n\n\n\n<p>El pasado 27 de junio, el C\u00e1rtel Jalisco mostr\u00f3 su furia con un atentado contra el jefe de la Polic\u00eda de Ciudad de M\u00e9xico, Omar Garc\u00eda Harfuch, en el que sobrevivi\u00f3 el funcionario pero murieron tres personas.<\/p>\n\n\n\n<p>Mientras que a comienzos de julio, el C\u00e1rtel Santa Rosa de Lima asesin\u00f3 en un centro de rehabilitaci\u00f3n de Irapuato (Guanajuato) a 27 j\u00f3venes.<\/p>\n","protected":false},"excerpt":{"rendered":"<p>Expres\u00f3 que su Gobierno no se va a &#8220;intimidar&#8221; por la violencia ni negociar\u00e1 con el crimen organizado.<\/p>\n","protected":false},"author":80,"featured_media":0,"comment_status":"closed","ping_status":"open","sticky":false,"template":"","format":"standard","meta":{"footnotes":""},"categories":[15,36],"tags":[],"class_list":["post-124290","post","type-post","status-publish","format-standard","hentry","category-destacadas","category-nacion"],"_links":{"self":[{"href":"https:\/\/plazajuarez.mx\/historico\/wp-json\/wp\/v2\/posts\/124290","targetHints":{"allow":["GET"]}}],"collection":[{"href":"https:\/\/plazajuarez.mx\/historico\/wp-json\/wp\/v2\/posts"}],"about":[{"href":"https:\/\/plazajuarez.mx\/historico\/wp-json\/wp\/v2\/types\/post"}],"author":[{"embeddable":true,"href":"https:\/\/plazajuarez.mx\/historico\/wp-json\/wp\/v2\/users\/80"}],"replies":[{"embeddable":true,"href":"https:\/\/plazajuarez.mx\/historico\/wp-json\/wp\/v2\/comments?post=124290"}],"version-history":[{"count":0,"href":"https:\/\/plazajuarez.mx\/historico\/wp-json\/wp\/v2\/posts\/124290\/revisions"}],"wp:attachment":[{"href":"https:\/\/plazajuarez.mx\/historico\/wp-json\/wp\/v2\/media?parent=124290"}],"wp:term":[{"taxonomy":"category","embeddable":true,"href":"https:\/\/plazajuarez.mx\/historico\/wp-json\/wp\/v2\/categories?post=124290"},{"taxonomy":"post_tag","embeddable":true,"href":"https:\/\/plazajuarez.mx\/historico\/wp-json\/wp\/v2\/tags?post=124290"}],"curies":[{"name":"wp","href":"https:\/\/api.w.org\/{rel}","templated":true}]}}