{"id":124269,"date":"2020-07-16T13:24:00","date_gmt":"2020-07-16T18:24:00","guid":{"rendered":"https:\/\/plazajuarez.mx\/?p=124269"},"modified":"2020-07-16T13:24:15","modified_gmt":"2020-07-16T18:24:15","slug":"fallece-alcaldesa-en-veracruz-con-sintomas-de-covid-19","status":"publish","type":"post","link":"https:\/\/plazajuarez.mx\/historico\/fallece-alcaldesa-en-veracruz-con-sintomas-de-covid-19\/","title":{"rendered":"Fallece alcaldesa en Veracruz con s\u00edntomas de Covid-19"},"content":{"rendered":"\n<ul class=\"wp-block-list\"><li><strong>La alcaldesa, Irma Delia B\u00e1rcena, estuvo internada en el Centro de Alta Especialidad (CAE) &#8220;Doctor Rafael Lucio&#8221; de la ciudad de Xalapa<\/strong><\/li><\/ul>\n\n\n\n<!--more-->\n\n\n\n<p>La presidenta municipal de Miahuatl\u00e1n, Veracruz, Irma Delia B\u00e1rcena Villa, falleci\u00f3 la madrugada de este jueves con s\u00edntomas relacionados al coronavirus Covid-19.<\/p>\n\n\n\n<p><br>La alcaldesa estuvo internada en el Centro de Alta Especialidad (CAE) &#8220;Doctor Rafael Lucio&#8221; de la ciudad de Xalapa.<\/p>\n\n\n\n<p><br>La enfermedad se complic\u00f3 y tuvo que ser entubada durante varios d\u00edas; sin embargo, falleci\u00f3 durante la madrugada.<\/p>\n\n\n\n<p><br>En las redes sociales del Ayuntamiento se coloc\u00f3 un mensaje sobre la muerte de la alcaldesa.<\/p>\n\n\n\n<p><br>&#8220;Agradecemos de coraz\u00f3n al apoyo que con afecto demostraron a nuestra alcaldesa Irma Delia B\u00e1rcena Villa, hoy es uno de los d\u00edas m\u00e1s tristes para todo nuestro municipio y para todas las personas que tuvimos la fortuna de conocerla, no hay palabras que llenen el vac\u00edo que nos deja&#8221;, se inform\u00f3.<\/p>\n\n\n\n<p><br>Agradecieron las oraciones y atenciones para la pol\u00edtica y explicaron por la contingencia sanitaria no habr\u00e1 ning\u00fan evento ni reuni\u00f3n que genere aglomeraci\u00f3n para despedir a la alcaldesa.<\/p>\n\n\n\n<p><br>Se trata del segundo caso en que un presidente municipal de Veracruz fallece a causa del virus SARS-Cov2, ya que recientemente muri\u00f3 a causa de la enfermedad el alcalde de Coetzala, Gerardo Tirso Acahue Apale.<\/p>\n","protected":false},"excerpt":{"rendered":"<p>La alcaldesa, Irma Delia B\u00e1rcena, estuvo internada en el Centro de Alta Especialidad (CAE) &#8220;Doctor Rafael Lucio&#8221; de la ciudad de Xalapa<\/p>\n","protected":false},"author":81,"featured_media":0,"comment_status":"closed","ping_status":"open","sticky":false,"template":"","format":"standard","meta":{"footnotes":""},"categories":[15,36],"tags":[],"class_list":["post-124269","post","type-post","status-publish","format-standard","hentry","category-destacadas","category-nacion"],"_links":{"self":[{"href":"https:\/\/plazajuarez.mx\/historico\/wp-json\/wp\/v2\/posts\/124269","targetHints":{"allow":["GET"]}}],"collection":[{"href":"https:\/\/plazajuarez.mx\/historico\/wp-json\/wp\/v2\/posts"}],"about":[{"href":"https:\/\/plazajuarez.mx\/historico\/wp-json\/wp\/v2\/types\/post"}],"author":[{"embeddable":true,"href":"https:\/\/plazajuarez.mx\/historico\/wp-json\/wp\/v2\/users\/81"}],"replies":[{"embeddable":true,"href":"https:\/\/plazajuarez.mx\/historico\/wp-json\/wp\/v2\/comments?post=124269"}],"version-history":[{"count":0,"href":"https:\/\/plazajuarez.mx\/historico\/wp-json\/wp\/v2\/posts\/124269\/revisions"}],"wp:attachment":[{"href":"https:\/\/plazajuarez.mx\/historico\/wp-json\/wp\/v2\/media?parent=124269"}],"wp:term":[{"taxonomy":"category","embeddable":true,"href":"https:\/\/plazajuarez.mx\/historico\/wp-json\/wp\/v2\/categories?post=124269"},{"taxonomy":"post_tag","embeddable":true,"href":"https:\/\/plazajuarez.mx\/historico\/wp-json\/wp\/v2\/tags?post=124269"}],"curies":[{"name":"wp","href":"https:\/\/api.w.org\/{rel}","templated":true}]}}