{"id":124265,"date":"2020-07-16T13:30:59","date_gmt":"2020-07-16T18:30:59","guid":{"rendered":"https:\/\/plazajuarez.mx\/?p=124265"},"modified":"2020-07-16T13:31:15","modified_gmt":"2020-07-16T18:31:15","slug":"emilio-lozoya-exdirectivo-de-pemex-regresa-a-mexico-extraditado-desde-espana","status":"publish","type":"post","link":"https:\/\/plazajuarez.mx\/historico\/emilio-lozoya-exdirectivo-de-pemex-regresa-a-mexico-extraditado-desde-espana\/","title":{"rendered":"Emilio Lozoya, exdirectivo de Pemex regresa a M\u00e9xico extraditado desde Espa\u00f1a"},"content":{"rendered":"\n<ul class=\"wp-block-list\"><li><strong>Est\u00e1 acusado de un presunto fraude de 280 millones de d\u00f3lares y por haber recibido unos 10,5 millones de d\u00f3lares en sobornos de la constructora brasile\u00f1a Odebrecht.<\/strong><\/li><\/ul>\n\n\n\n<!--more-->\n\n\n\n<p>El exdirector de Petr\u00f3leos Mexicanos (Pemex) Emilio Lozoya vuela ya a su pa\u00eds extraditado por Espa\u00f1a para ser juzgado por varios delitos de corrupci\u00f3n.<\/p>\n\n\n\n<p>El avi\u00f3n oficial mexicano encargado de llevar de regreso a su pa\u00eds a Lozoya despeg\u00f3 en torno a las 18.00 horas (14.00 GMT) del aeropuerto madrile\u00f1o de Barajas, informaron a Efe fuentes policiales.<\/p>\n\n\n\n<p>Lozoya, que accedi\u00f3 a ser extraditado a M\u00e9xico, est\u00e1 acusado de un presunto fraude de 280 millones de d\u00f3lares en la compra de una planta de fertilizantes y por haber recibido unos 10,5 millones de d\u00f3lares en sobornos de la constructora brasile\u00f1a Odebrecht.<\/p>\n\n\n\n<p>Las autoridades mexicanas le atribuyen un delito de cohecho y asociaci\u00f3n il\u00edcita, as\u00ed como de &#8220;operaciones con recursos de procedencia il\u00edcita&#8221;, que se corresponder\u00eda con el delito de blanqueo del C\u00f3digo Penal espa\u00f1ol, por lo que la Audiencia Nacional espa\u00f1ola autoriz\u00f3 su extradici\u00f3n el pasado 6 de julio.<\/p>\n\n\n\n<p>Emilio Lozoya, director de Pemex entre 2012 y 2016 con el Gobierno de Enrique Pe\u00f1a Nieto, fue detenido en febrero en M\u00e1laga (sur de Espa\u00f1a) despu\u00e9s de que en mayo de 2019 fuera puesto en busca y captura internacional por su presunta implicaci\u00f3n en la trama de sobornos de Odebrecht, a la que luego se a\u00f1adieron nuevas denuncias.<\/p>\n\n\n\n<p>Seg\u00fan la Fiscal\u00eda General de la Rep\u00fablica (FGR) en M\u00e9xico el acusado viaja acompa\u00f1ado de su agregado en Espa\u00f1a y Europa, Luis Alejandro Cervantes V\u00e1zquez.<\/p>\n\n\n\n<p>&#8220;Una vez que hayan culminado los tr\u00e1mites y dicha persona (Lozoya) est\u00e9 saliendo de Espa\u00f1a, el Ministerio P\u00fablico Federal (MPF) le informar\u00e1 a los jueces de control de M\u00e9xico la hora aproximada de su llegada a la Ciudad de M\u00e9xico&#8221;, se\u00f1al\u00f3 la FGR en un comunicado.<\/p>\n","protected":false},"excerpt":{"rendered":"<p>Est\u00e1 acusado de un presunto fraude de 280 millones de d\u00f3lares y por haber recibido unos 10,5 millones de d\u00f3lares en sobornos de la constructora brasile\u00f1a Odebrecht.<\/p>\n","protected":false},"author":80,"featured_media":0,"comment_status":"closed","ping_status":"open","sticky":false,"template":"","format":"standard","meta":{"footnotes":""},"categories":[15,36],"tags":[],"class_list":["post-124265","post","type-post","status-publish","format-standard","hentry","category-destacadas","category-nacion"],"_links":{"self":[{"href":"https:\/\/plazajuarez.mx\/historico\/wp-json\/wp\/v2\/posts\/124265","targetHints":{"allow":["GET"]}}],"collection":[{"href":"https:\/\/plazajuarez.mx\/historico\/wp-json\/wp\/v2\/posts"}],"about":[{"href":"https:\/\/plazajuarez.mx\/historico\/wp-json\/wp\/v2\/types\/post"}],"author":[{"embeddable":true,"href":"https:\/\/plazajuarez.mx\/historico\/wp-json\/wp\/v2\/users\/80"}],"replies":[{"embeddable":true,"href":"https:\/\/plazajuarez.mx\/historico\/wp-json\/wp\/v2\/comments?post=124265"}],"version-history":[{"count":0,"href":"https:\/\/plazajuarez.mx\/historico\/wp-json\/wp\/v2\/posts\/124265\/revisions"}],"wp:attachment":[{"href":"https:\/\/plazajuarez.mx\/historico\/wp-json\/wp\/v2\/media?parent=124265"}],"wp:term":[{"taxonomy":"category","embeddable":true,"href":"https:\/\/plazajuarez.mx\/historico\/wp-json\/wp\/v2\/categories?post=124265"},{"taxonomy":"post_tag","embeddable":true,"href":"https:\/\/plazajuarez.mx\/historico\/wp-json\/wp\/v2\/tags?post=124265"}],"curies":[{"name":"wp","href":"https:\/\/api.w.org\/{rel}","templated":true}]}}