{"id":124264,"date":"2020-07-16T13:20:21","date_gmt":"2020-07-16T18:20:21","guid":{"rendered":"https:\/\/plazajuarez.mx\/?p=124264"},"modified":"2020-07-16T13:20:35","modified_gmt":"2020-07-16T18:20:35","slug":"mejores-leyes-para-corregir-desigualdad-reto-de-parlamentos","status":"publish","type":"post","link":"https:\/\/plazajuarez.mx\/historico\/mejores-leyes-para-corregir-desigualdad-reto-de-parlamentos\/","title":{"rendered":"&#8220;Mejores leyes para corregir desigualdad, reto de Parlamentos&#8221;"},"content":{"rendered":"\n<ul class=\"wp-block-list\"><li><strong>En reuni\u00f3n virtual con sus pares de la regi\u00f3n que forman parte del Foro de Poderes Legislativos (Foprel), la senadora Fern\u00e1ndez Balboa resalt\u00f3 que este dif\u00edcil 2020 trae lecciones que deben reflejarse en la preparaci\u00f3n de normas<\/strong><\/li><\/ul>\n\n\n\n<!--more-->\n\n\n\n<p>La presidenta del Senado, M\u00f3nica Fern\u00e1ndez Balboa, afirm\u00f3 que la pandemia del SARS-CoV-2, genera impactos en Centroam\u00e9rica, la Cuenca del Caribe y en M\u00e9xico que imponen elaborar leyes y crear instituciones &#8220;que nos permitan corregir las fallas estructurales que propician la desigualdad&#8221;.<\/p>\n\n\n\n<p><br>En reuni\u00f3n virtual con sus pares de la regi\u00f3n que forman parte del Foro de Poderes Legislativos (Foprel), la senadora Fern\u00e1ndez Balboa resalt\u00f3 que este dif\u00edcil 2020 trae lecciones que deben reflejarse en la preparaci\u00f3n de normas.<\/p>\n\n\n\n<p><br>&#8220;Justamente por eso es que desde Foprel consideramos que el rol de los parlamentos es fundamental para la creaci\u00f3n de iniciativas legislativas, que contribuyan a generar acciones dirigidas a reducir los impactos del Covid-19 y poder atender sus secuelas de forma articulada, en beneficio de nuestros pueblos, con mayor \u00e9nfasis en los grupos en situaci\u00f3n de especial vulnerabilidad&#8221;.<\/p>\n\n\n\n<center><iframe loading=\"lazy\" src=\"https:\/\/www.facebook.com\/plugins\/video.php?href=https%3A%2F%2Fwww.facebook.com%2Fmonicaferbal%2Fvideos%2F2678315635605536%2F&#038;show_text=0&#038;width=560\" width=\"560\" height=\"315\" style=\"border:none;overflow:hidden\" scrolling=\"no\" frameborder=\"0\" allowTransparency=\"true\" allowFullScreen=\"true\"><\/iframe><\/center>\n\n\n\n<p><br>M\u00f3nica Fern\u00e1ndez Balboa, a la vez presidenta pro-tempore de la organizaci\u00f3n de l\u00edderes parlamentarios record\u00f3 que en sesi\u00f3n de febrero pasado, &#8220;procedimos a la elaboraci\u00f3n de los lineamientos para la implementaci\u00f3n de una agenda regional de prevenci\u00f3n y respuesta a los impactos adversos derivados del Covid-19 y otros eventos epidemiol\u00f3gicos&#8221;.<\/p>\n\n\n\n<p><br>Se trata de una agenda, dijo, &#8220;integral, incluyente, innovadora y una hoja de ruta clara, con acciones fundamentales que estamos seguros, podremos desarrollar en conjunto con las organizaciones aliadas, desde una plataforma de cooperaci\u00f3n al m\u00e1s alto nivel entre todos los pa\u00edses de nuestra regi\u00f3n y en coordinaci\u00f3n con instancias regionales internacionales&#8221;.<\/p>\n\n\n\n<p><br>Esta reuni\u00f3n digital, desde luego, es la primera que se lleva a cabo a distancia, como muchas otras actividades legislativas y de las sociedades a nivel mundial que pasan por la emergencia sanitaria de Covid-19.<\/p>\n\n\n\n<p><br>Participaron en este enlace de presidentas y presidentes parlamentarios, conducido por la senadora Fern\u00e1ndez Balboa, Laura Tucker, de la C\u00e1mara de Representantes de Belice; Newton Cruickshank, de la Asamblea Legislativa de la Rep\u00fablica de Costa Rica; Mario Ponce, de la Asamblea Legislativa de El Salvador y vicepresidente Pro-T\u00e9mpore de Foprel; Allan Estuardo Rodr\u00edguez, del Congreso de la Rep\u00fablica de Guatemala; Fel\u00edcito \u00c1vila, vicepresidente del Congreso Nacional de Honduras.<\/p>\n\n\n\n<p><br>Cenobia Vargas, primera vicepresidenta de la Asamblea Nacional de la Rep\u00fablica de Panam\u00e1; Carlos M\u00e9ndez N\u00fa\u00f1ez, de la C\u00e1mara de Representantes del Estado Libre y Asociado de Puerto Rico; Radam\u00e9s Camacho Cuevas, de la C\u00e1mara de Diputados de la Rep\u00fablica Dominicana, as\u00ed como representantes de diversos organismos internacionales.<\/p>\n","protected":false},"excerpt":{"rendered":"<p>En reuni\u00f3n virtual con sus pares de la regi\u00f3n que forman parte del Foro de Poderes Legislativos (Foprel), la senadora Fern\u00e1ndez Balboa resalt\u00f3 que este dif\u00edcil 2020 trae lecciones que deben reflejarse en la preparaci\u00f3n de normas<\/p>\n","protected":false},"author":81,"featured_media":0,"comment_status":"closed","ping_status":"open","sticky":false,"template":"","format":"standard","meta":{"footnotes":""},"categories":[63],"tags":[],"class_list":["post-124264","post","type-post","status-publish","format-standard","hentry","category-las-camaras"],"_links":{"self":[{"href":"https:\/\/plazajuarez.mx\/historico\/wp-json\/wp\/v2\/posts\/124264","targetHints":{"allow":["GET"]}}],"collection":[{"href":"https:\/\/plazajuarez.mx\/historico\/wp-json\/wp\/v2\/posts"}],"about":[{"href":"https:\/\/plazajuarez.mx\/historico\/wp-json\/wp\/v2\/types\/post"}],"author":[{"embeddable":true,"href":"https:\/\/plazajuarez.mx\/historico\/wp-json\/wp\/v2\/users\/81"}],"replies":[{"embeddable":true,"href":"https:\/\/plazajuarez.mx\/historico\/wp-json\/wp\/v2\/comments?post=124264"}],"version-history":[{"count":0,"href":"https:\/\/plazajuarez.mx\/historico\/wp-json\/wp\/v2\/posts\/124264\/revisions"}],"wp:attachment":[{"href":"https:\/\/plazajuarez.mx\/historico\/wp-json\/wp\/v2\/media?parent=124264"}],"wp:term":[{"taxonomy":"category","embeddable":true,"href":"https:\/\/plazajuarez.mx\/historico\/wp-json\/wp\/v2\/categories?post=124264"},{"taxonomy":"post_tag","embeddable":true,"href":"https:\/\/plazajuarez.mx\/historico\/wp-json\/wp\/v2\/tags?post=124264"}],"curies":[{"name":"wp","href":"https:\/\/api.w.org\/{rel}","templated":true}]}}