{"id":124199,"date":"2020-07-16T08:54:54","date_gmt":"2020-07-16T13:54:54","guid":{"rendered":"https:\/\/plazajuarez.mx\/?p=124199"},"modified":"2020-07-16T08:55:08","modified_gmt":"2020-07-16T13:55:08","slug":"el-met-abrira-sus-puertas-cinco-dias-a-la-semana-a-partir-del-29-de-agosto","status":"publish","type":"post","link":"https:\/\/plazajuarez.mx\/historico\/el-met-abrira-sus-puertas-cinco-dias-a-la-semana-a-partir-del-29-de-agosto\/","title":{"rendered":"El Met abrir\u00e1 sus puertas cinco d\u00edas a la semana a partir del 29 de agosto"},"content":{"rendered":"\n<ul class=\"wp-block-list\"><li><strong>El Met ha tomado una serie de medidas para poder volver a recibir al p\u00fablico<\/strong><\/li><\/ul>\n\n\n\n<!--more-->\n\n\n\n<p>El Museo Metropolitano de Nueva York (Met) anunci\u00f3 este mi\u00e9rcoles que abrir\u00e1 sus puertas el pr\u00f3ximo 29 de agosto, momento a partir del cual recibir\u00e1 visitantes cinco d\u00edas a la semana en su sede central de la Quinta Avenida, anunci\u00f3 en un comunicado.<\/p>\n\n\n\n<p>El museo, que no hab\u00eda cerrado sus puertas m\u00e1s de tres d\u00edas seguidos en los \u00faltimos 100 a\u00f1os hasta la llegada de la pandemia del coronavirus, abrir\u00e1 semanalmente de jueves a lunes, despu\u00e9s de haber permanecido clausurado desde el pasado mes de marzo.<\/p>\n\n\n\n<p>El Met ha tomado una serie de medidas para poder volver a recibir al p\u00fablico que siguen las recomendaciones del Centro para el Control y la Prevenci\u00f3n de Enfermedades (CDC, en ingl\u00e9s), que conlleva que todos los visitantes tendr\u00e1n que llevar mascarillas, y que s\u00f3lo admitir\u00e1 un 25 por ciento de la capacidad m\u00e1xima habitual, mientras que tambi\u00e9n se incentivar\u00e1 el distanciamiento social.<\/p>\n\n\n\n<p>&#8220;La seguridad de nuestro personal y nuestros visitantes sigue siendo nuestra preocupaci\u00f3n primordial&#8221;, dijo en el comunicado el presidente y director ejecutivo del museo, Daniel Weiss.<\/p>\n\n\n\n<p>Desde el 29 de agosto, cuando se prev\u00e9 que Nueva York siga en fase 4 de la reapertura, se podr\u00e1n ver tres nuevas exposiciones, entre ellas &#8220;Making the Met, 1870-2020&#8221;, con la que el museo celebra su 150 aniversario, que cumpli\u00f3 el pasado mes de abril, y que iba a ser inaugurada escasos d\u00edas despu\u00e9s de ponerse en marcha las medidas para frenar el avance del coronavirus en la Gran Manzana.<\/p>\n\n\n\n<p>Tambi\u00e9n podr\u00e1 disfrutarse de &#8220;Jacob Lawrence: The American Struggle&#8221;, que examina una serie del pintor modernista que plasma los a\u00f1os de la formaci\u00f3n de EE.UU., mientras que un nuevo encargo de H\u00e9ctor Zamora, &#8220;Lattice Detour&#8221;, embellecer\u00e1 el jard\u00edn de la azotea del museo.<\/p>\n\n\n\n<p>El Met estar\u00e1 abierto desde las 10 de la ma\u00f1ana a las 5 de la tarde los s\u00e1bados, domingos y lunes, mientras que los jueves y viernes abrir\u00e1 de 12 del mediod\u00eda a 7 de la tarde.<\/p>\n","protected":false},"excerpt":{"rendered":"<p>El Met ha tomado una serie de medidas para poder volver a recibir al p\u00fablico<\/p>\n","protected":false},"author":80,"featured_media":0,"comment_status":"closed","ping_status":"open","sticky":false,"template":"","format":"standard","meta":{"footnotes":""},"categories":[41],"tags":[],"class_list":["post-124199","post","type-post","status-publish","format-standard","hentry","category-arteria-cultural"],"_links":{"self":[{"href":"https:\/\/plazajuarez.mx\/historico\/wp-json\/wp\/v2\/posts\/124199","targetHints":{"allow":["GET"]}}],"collection":[{"href":"https:\/\/plazajuarez.mx\/historico\/wp-json\/wp\/v2\/posts"}],"about":[{"href":"https:\/\/plazajuarez.mx\/historico\/wp-json\/wp\/v2\/types\/post"}],"author":[{"embeddable":true,"href":"https:\/\/plazajuarez.mx\/historico\/wp-json\/wp\/v2\/users\/80"}],"replies":[{"embeddable":true,"href":"https:\/\/plazajuarez.mx\/historico\/wp-json\/wp\/v2\/comments?post=124199"}],"version-history":[{"count":0,"href":"https:\/\/plazajuarez.mx\/historico\/wp-json\/wp\/v2\/posts\/124199\/revisions"}],"wp:attachment":[{"href":"https:\/\/plazajuarez.mx\/historico\/wp-json\/wp\/v2\/media?parent=124199"}],"wp:term":[{"taxonomy":"category","embeddable":true,"href":"https:\/\/plazajuarez.mx\/historico\/wp-json\/wp\/v2\/categories?post=124199"},{"taxonomy":"post_tag","embeddable":true,"href":"https:\/\/plazajuarez.mx\/historico\/wp-json\/wp\/v2\/tags?post=124199"}],"curies":[{"name":"wp","href":"https:\/\/api.w.org\/{rel}","templated":true}]}}