{"id":124194,"date":"2020-07-16T08:49:26","date_gmt":"2020-07-16T13:49:26","guid":{"rendered":"https:\/\/plazajuarez.mx\/?p=124194"},"modified":"2020-07-16T08:49:40","modified_gmt":"2020-07-16T13:49:40","slug":"en-tepatepec-un-hombre-va-a-proceso-por-homicidio","status":"publish","type":"post","link":"https:\/\/plazajuarez.mx\/historico\/en-tepatepec-un-hombre-va-a-proceso-por-homicidio\/","title":{"rendered":"En Tepatepec, un hombre va a proceso por homicidio"},"content":{"rendered":"\n<ul class=\"wp-block-list\"><li><strong>Celso \u201cN\u201d, en el centro de Francisco I. Madero, bale\u00f3 a su v\u00edctima<\/strong><\/li><\/ul>\n\n\n\n<!--more-->\n\n\n\n<p>Un agente del Ministerio P\u00fablico de la Procuradur\u00eda General de Justicia del estado de Hidalgo, present\u00f3 datos de prueba suficientes al juez de control, para obtener la vinculaci\u00f3n a proceso de un hombre, por homicidio calificado.<\/p>\n\n\n\n<p>Los hechos que se le imputan a Celso \u201cN\u201d, tuvieron lugar en calles del centro del municipio de Francisco I. Madero, cuando el probable agredi\u00f3 con proyectiles de arma de fuego a la v\u00edctima, quien result\u00f3 con lesiones que le causaron la muerte.<\/p>\n\n\n\n<p>Derivado de lo ocurrido, se inici\u00f3 la carpeta de investigaci\u00f3n en contra del probable identificado como Celso \u201cN\u201d, con base en los medios de prueba recabados por un agente del Ministerio P\u00fablico de la Subprocuradur\u00eda de Procedimientos Penales regi\u00f3n poniente, en audiencia inicial, el juez de control dict\u00f3 la vinculaci\u00f3n a proceso en contra de este, por homicidio calificado.<\/p>\n\n\n\n<p>Dicha autoridad judicial dict\u00f3 la probable medida cautelar de prisi\u00f3n preventiva oficiosa y determin\u00f3 un plazo de tres meses para el cierre de la investigaci\u00f3n complementaria.<\/p>\n","protected":false},"excerpt":{"rendered":"<p>Celso \u201cN\u201d, en el centro de Francisco I. Madero, bale\u00f3 a su v\u00edctima<\/p>\n","protected":false},"author":93,"featured_media":0,"comment_status":"closed","ping_status":"open","sticky":false,"template":"","format":"standard","meta":{"footnotes":""},"categories":[37],"tags":[],"class_list":["post-124194","post","type-post","status-publish","format-standard","hentry","category-barandilla"],"_links":{"self":[{"href":"https:\/\/plazajuarez.mx\/historico\/wp-json\/wp\/v2\/posts\/124194","targetHints":{"allow":["GET"]}}],"collection":[{"href":"https:\/\/plazajuarez.mx\/historico\/wp-json\/wp\/v2\/posts"}],"about":[{"href":"https:\/\/plazajuarez.mx\/historico\/wp-json\/wp\/v2\/types\/post"}],"author":[{"embeddable":true,"href":"https:\/\/plazajuarez.mx\/historico\/wp-json\/wp\/v2\/users\/93"}],"replies":[{"embeddable":true,"href":"https:\/\/plazajuarez.mx\/historico\/wp-json\/wp\/v2\/comments?post=124194"}],"version-history":[{"count":0,"href":"https:\/\/plazajuarez.mx\/historico\/wp-json\/wp\/v2\/posts\/124194\/revisions"}],"wp:attachment":[{"href":"https:\/\/plazajuarez.mx\/historico\/wp-json\/wp\/v2\/media?parent=124194"}],"wp:term":[{"taxonomy":"category","embeddable":true,"href":"https:\/\/plazajuarez.mx\/historico\/wp-json\/wp\/v2\/categories?post=124194"},{"taxonomy":"post_tag","embeddable":true,"href":"https:\/\/plazajuarez.mx\/historico\/wp-json\/wp\/v2\/tags?post=124194"}],"curies":[{"name":"wp","href":"https:\/\/api.w.org\/{rel}","templated":true}]}}