{"id":124180,"date":"2020-07-16T07:16:57","date_gmt":"2020-07-16T12:16:57","guid":{"rendered":"https:\/\/plazajuarez.mx\/?p=124180"},"modified":"2020-07-16T07:17:09","modified_gmt":"2020-07-16T12:17:09","slug":"alcalde-no-fue-retenido-dice-equipo-de-charrez","status":"publish","type":"post","link":"https:\/\/plazajuarez.mx\/historico\/alcalde-no-fue-retenido-dice-equipo-de-charrez\/","title":{"rendered":"\u201cAlcalde no fue retenido\u201d, dice equipo de Charrez"},"content":{"rendered":"\n<ul class=\"wp-block-list\"><li><strong>Pascual Charrez \u201cquiso hacer una caminada\u201d; equipo del alcalde acusa a medios de \u201cchismosos\u201d&nbsp;&nbsp;<\/strong><\/li><\/ul>\n\n\n\n<ul class=\"wp-block-list\"><li><strong>Sin embargo, en diversos videos en poder de Diario Plaza Ju\u00e1rez, el alcalde recibe diversos cuestionamientos por incumplir con una obra<\/strong><\/li><\/ul>\n\n\n\n<!--more-->\n\n\n\n<p><strong>Ixmiquilpan<\/strong>.- No retuvieron al presidente municipal, Pascual Charrez Pedraza, sino que \u00e9l decidi\u00f3 hacer una caminata por la comunidad de L\u00f3pez Ray\u00f3n, el lunes pasado, informaron personas de su equipo, debido a que su alcald\u00eda no cuenta con \u00e1rea de Comunicaci\u00f3n Social.\u00a0<\/p>\n\n\n\n<p>Seg\u00fan su personal, el alcalde decidi\u00f3 que quer\u00eda caminar con los vecinos, unos 12 kil\u00f3metros aproximadamente, para atender las demandas que ah\u00ed se ten\u00edan.&nbsp;<\/p>\n\n\n\n<p>Incluso, hicieron circular un video en redes sociales, acusando a los medios de comunicaci\u00f3n&nbsp; de \u201cchismosos\u201d.&nbsp;<\/p>\n\n\n\n<p>Seg\u00fan el video, el alcalde convivi\u00f3 con los pobladores despu\u00e9s de la reuni\u00f3n, junto a ellos una m\u00e1quina pesada, tambi\u00e9n cemento y material de construcci\u00f3n.&nbsp;<\/p>\n\n\n\n<p>Con esos elementos se retomar\u00e1n los trabajos para construir 600 metros de pavimentaci\u00f3n hidr\u00e1ulica.&nbsp;<\/p>\n\n\n\n<p>Sin embargo, en diversos videos en poder de Diario Plaza Ju\u00e1rez, el alcalde recibe diversos cuestionamientos por incumplir con esta obra, lo cual orill\u00f3 a los pobladores a tomar esta acci\u00f3n, de llevarse caminando al presidente.&nbsp;<\/p>\n\n\n\n<p>Los mismos pobladores, se\u00f1alaron que no hab\u00eda una respuesta por parte del alcalde ni de su equipo, esto los oblig\u00f3 a tomar estas acciones.&nbsp;<\/p>\n\n\n\n<p>Dentro de los acuerdos, es que el gobierno municipal ir\u00e1 surtiendo del material de construcci\u00f3n y los pobladores aportar\u00e1n la mano de obra.<\/p>\n","protected":false},"excerpt":{"rendered":"<p>Pascual Charrez \u201cquiso hacer una caminada\u201d; equipo del alcalde acusa a medios de \u201cchismosos\u201d&nbsp;&nbsp; Sin embargo, en diversos videos en poder de Diario Plaza Ju\u00e1rez, el alcalde recibe diversos cuestionamientos por incumplir con una obra<\/p>\n","protected":false},"author":75,"featured_media":0,"comment_status":"closed","ping_status":"open","sticky":false,"template":"","format":"standard","meta":{"footnotes":""},"categories":[40],"tags":[],"class_list":["post-124180","post","type-post","status-publish","format-standard","hentry","category-region"],"_links":{"self":[{"href":"https:\/\/plazajuarez.mx\/historico\/wp-json\/wp\/v2\/posts\/124180","targetHints":{"allow":["GET"]}}],"collection":[{"href":"https:\/\/plazajuarez.mx\/historico\/wp-json\/wp\/v2\/posts"}],"about":[{"href":"https:\/\/plazajuarez.mx\/historico\/wp-json\/wp\/v2\/types\/post"}],"author":[{"embeddable":true,"href":"https:\/\/plazajuarez.mx\/historico\/wp-json\/wp\/v2\/users\/75"}],"replies":[{"embeddable":true,"href":"https:\/\/plazajuarez.mx\/historico\/wp-json\/wp\/v2\/comments?post=124180"}],"version-history":[{"count":0,"href":"https:\/\/plazajuarez.mx\/historico\/wp-json\/wp\/v2\/posts\/124180\/revisions"}],"wp:attachment":[{"href":"https:\/\/plazajuarez.mx\/historico\/wp-json\/wp\/v2\/media?parent=124180"}],"wp:term":[{"taxonomy":"category","embeddable":true,"href":"https:\/\/plazajuarez.mx\/historico\/wp-json\/wp\/v2\/categories?post=124180"},{"taxonomy":"post_tag","embeddable":true,"href":"https:\/\/plazajuarez.mx\/historico\/wp-json\/wp\/v2\/tags?post=124180"}],"curies":[{"name":"wp","href":"https:\/\/api.w.org\/{rel}","templated":true}]}}