{"id":124179,"date":"2020-07-16T07:16:07","date_gmt":"2020-07-16T12:16:07","guid":{"rendered":"https:\/\/plazajuarez.mx\/?p=124179"},"modified":"2020-07-16T07:16:21","modified_gmt":"2020-07-16T12:16:21","slug":"solicitan-ayuda-para-encontrar-a-jared-hernandez-martinez-de-la-vega","status":"publish","type":"post","link":"https:\/\/plazajuarez.mx\/historico\/solicitan-ayuda-para-encontrar-a-jared-hernandez-martinez-de-la-vega\/","title":{"rendered":"Solicitan ayuda para encontrar a Jared Hern\u00e1ndez Mart\u00ednez de la Vega"},"content":{"rendered":"\n<ul class=\"wp-block-list\"><li><strong>Desapareci\u00f3 en el fraccionamiento de Haciendas de Tizayuca<\/strong><\/li><\/ul>\n\n\n\n<!--more-->\n\n\n\n<p>Familiares solicitan ayuda para dar con el paradero de Jared Hern\u00e1ndez Mart\u00ednez de la Vega de 18 a\u00f1os de edad. La \u00faltima vez que se le vio fue\u00a0 cuando sali\u00f3 de su domicilio, en Haciendas de Tizayuca, iba a la tienda 3B en su bicicleta, color rosa, el pasado martes.\u00a0<\/p>\n\n\n\n<p>Su descripci\u00f3n es: complexi\u00f3n delgada, tez morena, frente mediana boca grande, cejas pobladas, estatura, 1.66 metros. Cara alargada,&nbsp; nariz chata ment\u00f3n ovalada y labios medios.&nbsp;<\/p>\n\n\n\n<p>Como se\u00f1a particular la joven tiene un lunar en la nariz de lado derecho.&nbsp;<\/p>\n\n\n\n<p>Los familiares temen por la seguridad e integridad de Jared Hern\u00e1ndez Mart\u00ednez de la Vega ya que fue por un mandado y regresar\u00eda a su casa.&nbsp;<\/p>\n\n\n\n<p>Vest\u00eda pants de color azul marino con dos franjas de color rosa, sudadera de color azul marino, tenis tipo converse de color azul mezclilla para cualquier dato acerca de su paradero pueden llamar al siguiente n\u00famero 7711278592.<\/p>\n","protected":false},"excerpt":{"rendered":"<p>Desapareci\u00f3 en el fraccionamiento de Haciendas de Tizayuca<\/p>\n","protected":false},"author":78,"featured_media":0,"comment_status":"closed","ping_status":"open","sticky":false,"template":"","format":"standard","meta":{"footnotes":""},"categories":[40],"tags":[],"class_list":["post-124179","post","type-post","status-publish","format-standard","hentry","category-region"],"_links":{"self":[{"href":"https:\/\/plazajuarez.mx\/historico\/wp-json\/wp\/v2\/posts\/124179","targetHints":{"allow":["GET"]}}],"collection":[{"href":"https:\/\/plazajuarez.mx\/historico\/wp-json\/wp\/v2\/posts"}],"about":[{"href":"https:\/\/plazajuarez.mx\/historico\/wp-json\/wp\/v2\/types\/post"}],"author":[{"embeddable":true,"href":"https:\/\/plazajuarez.mx\/historico\/wp-json\/wp\/v2\/users\/78"}],"replies":[{"embeddable":true,"href":"https:\/\/plazajuarez.mx\/historico\/wp-json\/wp\/v2\/comments?post=124179"}],"version-history":[{"count":0,"href":"https:\/\/plazajuarez.mx\/historico\/wp-json\/wp\/v2\/posts\/124179\/revisions"}],"wp:attachment":[{"href":"https:\/\/plazajuarez.mx\/historico\/wp-json\/wp\/v2\/media?parent=124179"}],"wp:term":[{"taxonomy":"category","embeddable":true,"href":"https:\/\/plazajuarez.mx\/historico\/wp-json\/wp\/v2\/categories?post=124179"},{"taxonomy":"post_tag","embeddable":true,"href":"https:\/\/plazajuarez.mx\/historico\/wp-json\/wp\/v2\/tags?post=124179"}],"curies":[{"name":"wp","href":"https:\/\/api.w.org\/{rel}","templated":true}]}}