{"id":124166,"date":"2020-07-16T07:15:15","date_gmt":"2020-07-16T12:15:15","guid":{"rendered":"https:\/\/plazajuarez.mx\/?p=124166"},"modified":"2020-07-16T07:15:38","modified_gmt":"2020-07-16T12:15:38","slug":"covid-19-escuelas-no-iglesias-si","status":"publish","type":"post","link":"https:\/\/plazajuarez.mx\/historico\/covid-19-escuelas-no-iglesias-si\/","title":{"rendered":"Covid-19: Escuelas no; Iglesias s\u00ed"},"content":{"rendered":"\n<ul class=\"wp-block-list\"><li><strong>El titular de la SEP federal, anunci\u00f3 ayer que ni\u00f1os regresar\u00e1n a clases hasta que haya sem\u00e1foro verde&nbsp;<\/strong><\/li><\/ul>\n\n\n\n<ul class=\"wp-block-list\"><li><strong>Los que s\u00ed pudieron regresar a sus actividades lit\u00fargicas fueron los p\u00e1rrocos y sacerdotes\u00a0<\/strong><\/li><\/ul>\n\n\n\n<!--more-->\n\n\n\n<p><strong>Valle del Mezquital<\/strong>.- P\u00e1rrocos y sacerdotes, tampoco pod\u00edan esperar m\u00e1s tiempo y retomaron sus actividades lit\u00fargicas con medidas restrictivas para evitar probables contagios por el virus del Covid19.\u00a0<\/p>\n\n\n\n<p>Las iglesias de todas las religiones, deben mantener medidas sanitarias, entre las cuales destacan, no contar con altas concentraciones. Durante el sem\u00e1foro naranja, las iglesias deben contar \u00fanicamente con el 30 por ciento de su capacidad con feligreses.&nbsp;<\/p>\n\n\n\n<p>A las entradas de los templos se han colocado anuncios donde se explican las medidas que se aplican debido a la contingencia sanitaria.&nbsp;<\/p>\n\n\n\n<p>Dentro de las parroquias, es obligatorio el uso de cubrebocas.&nbsp;<\/p>\n\n\n\n<p>Hasta ahora, se han mantenido suspendidas las ferias patronales, asimismo se ha anunciado, que las misas para difuntos, tambi\u00e9n se llevan a cabo con diversas restricciones y deben hacerse en espacios abiertos.&nbsp;<\/p>\n\n\n\n<p>Cabe se\u00f1alar, que el Episcopado Mexicano, en d\u00edas recientes, dio a conocer que los p\u00e1rrocos y sacerdotes, se encuentran en una grave crisis econ\u00f3mica, esto como resultado de la situaci\u00f3n epid\u00e9mica.<\/p>\n","protected":false},"excerpt":{"rendered":"<p>El titular de la SEP federal, anunci\u00f3 ayer que ni\u00f1os regresar\u00e1n a clases hasta que haya sem\u00e1foro verde&nbsp; Los que s\u00ed pudieron regresar a sus actividades lit\u00fargicas fueron los p\u00e1rrocos y sacerdotes\u00a0<\/p>\n","protected":false},"author":75,"featured_media":0,"comment_status":"closed","ping_status":"open","sticky":false,"template":"","format":"standard","meta":{"footnotes":""},"categories":[40],"tags":[],"class_list":["post-124166","post","type-post","status-publish","format-standard","hentry","category-region"],"_links":{"self":[{"href":"https:\/\/plazajuarez.mx\/historico\/wp-json\/wp\/v2\/posts\/124166","targetHints":{"allow":["GET"]}}],"collection":[{"href":"https:\/\/plazajuarez.mx\/historico\/wp-json\/wp\/v2\/posts"}],"about":[{"href":"https:\/\/plazajuarez.mx\/historico\/wp-json\/wp\/v2\/types\/post"}],"author":[{"embeddable":true,"href":"https:\/\/plazajuarez.mx\/historico\/wp-json\/wp\/v2\/users\/75"}],"replies":[{"embeddable":true,"href":"https:\/\/plazajuarez.mx\/historico\/wp-json\/wp\/v2\/comments?post=124166"}],"version-history":[{"count":0,"href":"https:\/\/plazajuarez.mx\/historico\/wp-json\/wp\/v2\/posts\/124166\/revisions"}],"wp:attachment":[{"href":"https:\/\/plazajuarez.mx\/historico\/wp-json\/wp\/v2\/media?parent=124166"}],"wp:term":[{"taxonomy":"category","embeddable":true,"href":"https:\/\/plazajuarez.mx\/historico\/wp-json\/wp\/v2\/categories?post=124166"},{"taxonomy":"post_tag","embeddable":true,"href":"https:\/\/plazajuarez.mx\/historico\/wp-json\/wp\/v2\/tags?post=124166"}],"curies":[{"name":"wp","href":"https:\/\/api.w.org\/{rel}","templated":true}]}}