{"id":124165,"date":"2020-07-16T07:03:33","date_gmt":"2020-07-16T12:03:33","guid":{"rendered":"https:\/\/plazajuarez.mx\/?p=124165"},"modified":"2020-07-16T07:03:46","modified_gmt":"2020-07-16T12:03:46","slug":"continuan-trabajos-en-las-escaleras-de-emergencia","status":"publish","type":"post","link":"https:\/\/plazajuarez.mx\/historico\/continuan-trabajos-en-las-escaleras-de-emergencia\/","title":{"rendered":"Contin\u00faan trabajos en las escaleras de emergencia"},"content":{"rendered":"\n<ul class=\"wp-block-list\"><li><strong>Las del Centro C\u00edvico Social en Tulancingo; llevan un 45% de avance&nbsp;<\/strong><\/li><\/ul>\n\n\n\n<ul class=\"wp-block-list\"><li><strong>Compromiso del alcalde, Fernando P\u00e9rez Rodr\u00edguez, para ampliar las opciones de evacuaci\u00f3n.<\/strong><\/li><\/ul>\n\n\n\n<!--more-->\n\n\n\n<p><strong>Tulancingo<\/strong>.- \u00c9rick de Jes\u00fas Gonz\u00e1lez Garc\u00eda, secretario de Desarrollo Urbano, inform\u00f3 que ha sido alcanzado un 45 por ciento de avance en torno los trabajos de edificaci\u00f3n de las escaleras de emergencia que abarcan una superficie de 33 metros cuadrados.<\/p>\n\n\n\n<p>Hasta el momento han sido ejecutadas metas como: trazo y nivelaci\u00f3n, cimentaci\u00f3n de zapatas, habilitado de acero en columnas, trabes y rampa con colado del primer nivel.<\/p>\n\n\n\n<p>El avance se ha obtenido en tres semanas consecutivas de trabajo, lo cual indica que se cumplir\u00e1n los objetivos de culminaci\u00f3n de obra para finales de agosto.<\/p>\n\n\n\n<p>El dise\u00f1o de las escaleras de emergencia se conforma de 54 escalones de 2 metros de ancho por 17 cm de peralte que van sostenidos a trav\u00e9s de seis columnas.<\/p>\n\n\n\n<p>En la presente semana, los trabajos a desarrollar son: habilitado de acero en columnas y trabes para el segundo nivel.&nbsp;<\/p>\n\n\n\n<p>Posteriormente, se continuar\u00e1 con el cimbrado y colado del segundo&nbsp; nivel.<\/p>\n\n\n\n<p>La parte de herrer\u00eda con barandales y colocaci\u00f3n de loseta en escaleras ser\u00e1 la parte final de la obra que se ejecuta.<\/p>\n\n\n\n<p>De manera general las escaleras permitir\u00e1n un r\u00e1pido desalojo en caso de alguna eventualidad o emergencia, pues el dise\u00f1o cuenta con amplitud en dimensiones y se abarcan dos niveles para abarcar el total del edificio del centro c\u00edvico social.<\/p>\n\n\n\n<p>La obra de escaleras de emergencia empez\u00f3 a finales de junio, cumpliendo as\u00ed el compromiso del alcalde, Fernando P\u00e9rez Rodr\u00edguez, para ampliar las opciones de evacuaci\u00f3n.<\/p>\n\n\n\n<p>Antes de las escaleras de emergencia los tiempos de evacuaci\u00f3n, superaban a lo recomendado en los planes de protecci\u00f3n civil, por ello se cumpli\u00f3 lo conducente para programar la obra entre las prioridades de este ejercicio fiscal.<\/p>\n\n\n\n<p>La obra es ejecutada por contratista pero bajo la supervisi\u00f3n de la direcci\u00f3n de Obras P\u00fablicas, quien constantemente levanta bit\u00e1coras en torno al proceso constructivo de esta nueva infraestructura que tiene como materiales principales al concreto, varillas de diversos di\u00e1metros as\u00ed como loseta y barandales.<\/p>\n","protected":false},"excerpt":{"rendered":"<p>Las del Centro C\u00edvico Social en Tulancingo; llevan un 45% de avance&nbsp; Compromiso del alcalde, Fernando P\u00e9rez Rodr\u00edguez, para ampliar las opciones de evacuaci\u00f3n.<\/p>\n","protected":false},"author":93,"featured_media":0,"comment_status":"closed","ping_status":"open","sticky":false,"template":"","format":"standard","meta":{"footnotes":""},"categories":[40],"tags":[],"class_list":["post-124165","post","type-post","status-publish","format-standard","hentry","category-region"],"_links":{"self":[{"href":"https:\/\/plazajuarez.mx\/historico\/wp-json\/wp\/v2\/posts\/124165","targetHints":{"allow":["GET"]}}],"collection":[{"href":"https:\/\/plazajuarez.mx\/historico\/wp-json\/wp\/v2\/posts"}],"about":[{"href":"https:\/\/plazajuarez.mx\/historico\/wp-json\/wp\/v2\/types\/post"}],"author":[{"embeddable":true,"href":"https:\/\/plazajuarez.mx\/historico\/wp-json\/wp\/v2\/users\/93"}],"replies":[{"embeddable":true,"href":"https:\/\/plazajuarez.mx\/historico\/wp-json\/wp\/v2\/comments?post=124165"}],"version-history":[{"count":0,"href":"https:\/\/plazajuarez.mx\/historico\/wp-json\/wp\/v2\/posts\/124165\/revisions"}],"wp:attachment":[{"href":"https:\/\/plazajuarez.mx\/historico\/wp-json\/wp\/v2\/media?parent=124165"}],"wp:term":[{"taxonomy":"category","embeddable":true,"href":"https:\/\/plazajuarez.mx\/historico\/wp-json\/wp\/v2\/categories?post=124165"},{"taxonomy":"post_tag","embeddable":true,"href":"https:\/\/plazajuarez.mx\/historico\/wp-json\/wp\/v2\/tags?post=124165"}],"curies":[{"name":"wp","href":"https:\/\/api.w.org\/{rel}","templated":true}]}}