{"id":124164,"date":"2020-07-16T07:03:21","date_gmt":"2020-07-16T12:03:21","guid":{"rendered":"https:\/\/plazajuarez.mx\/?p=124164"},"modified":"2020-07-16T07:03:38","modified_gmt":"2020-07-16T12:03:38","slug":"por-accidente-de-estaquitas-carga-de-jitomate-se-derrama-en-carretera","status":"publish","type":"post","link":"https:\/\/plazajuarez.mx\/historico\/por-accidente-de-estaquitas-carga-de-jitomate-se-derrama-en-carretera\/","title":{"rendered":"Por accidente de estaquitas, carga de jitomate se derrama en carretera"},"content":{"rendered":"\n<ul class=\"wp-block-list\"><li><strong>El problema vial sucedi\u00f3 en la M\u00e9xico-Quer\u00e9taro; dos lesionados&nbsp;<\/strong><\/li><\/ul>\n\n\n\n<ul class=\"wp-block-list\"><li><strong>Los heridos fueron llevados a un hospital<\/strong><\/li><\/ul>\n\n\n\n<!--more-->\n\n\n\n<p><strong>Tepeji del R\u00edo<\/strong>.- Accidente en la autopista M\u00e9xico-Quer\u00e9taro direcci\u00f3n a M\u00e9xico, a la altura de San Juan Otlaxpa, provoc\u00f3 que una camioneta tipo estaquitas que transportaba jitomates se volcara, quedando regada toda la mercanc\u00eda, adem\u00e1s de que dos personas resultaron lesionadas.<\/p>\n\n\n\n<p>Los lesionados, tripulantes de la camioneta volcada fueron llevados al hospital para su atenci\u00f3n m\u00e9dica, por parte del personal de Protecci\u00f3n Civil de Tepeji del R\u00edo.<\/p>\n\n\n\n<p>Mientras tanto, del accidente se hicieron cargo elementos de la Polic\u00eda Federal Preventiva quienes abanderaron la zona para evitar que se registrara alg\u00fan otro accidente mientras retiraba la pesada&nbsp; unidad siniestrada.<\/p>\n","protected":false},"excerpt":{"rendered":"<p>El problema vial sucedi\u00f3 en la M\u00e9xico-Quer\u00e9taro; dos lesionados&nbsp; Los heridos fueron llevados a un hospital<\/p>\n","protected":false},"author":71,"featured_media":0,"comment_status":"closed","ping_status":"open","sticky":false,"template":"","format":"standard","meta":{"footnotes":""},"categories":[40],"tags":[],"class_list":["post-124164","post","type-post","status-publish","format-standard","hentry","category-region"],"_links":{"self":[{"href":"https:\/\/plazajuarez.mx\/historico\/wp-json\/wp\/v2\/posts\/124164","targetHints":{"allow":["GET"]}}],"collection":[{"href":"https:\/\/plazajuarez.mx\/historico\/wp-json\/wp\/v2\/posts"}],"about":[{"href":"https:\/\/plazajuarez.mx\/historico\/wp-json\/wp\/v2\/types\/post"}],"author":[{"embeddable":true,"href":"https:\/\/plazajuarez.mx\/historico\/wp-json\/wp\/v2\/users\/71"}],"replies":[{"embeddable":true,"href":"https:\/\/plazajuarez.mx\/historico\/wp-json\/wp\/v2\/comments?post=124164"}],"version-history":[{"count":0,"href":"https:\/\/plazajuarez.mx\/historico\/wp-json\/wp\/v2\/posts\/124164\/revisions"}],"wp:attachment":[{"href":"https:\/\/plazajuarez.mx\/historico\/wp-json\/wp\/v2\/media?parent=124164"}],"wp:term":[{"taxonomy":"category","embeddable":true,"href":"https:\/\/plazajuarez.mx\/historico\/wp-json\/wp\/v2\/categories?post=124164"},{"taxonomy":"post_tag","embeddable":true,"href":"https:\/\/plazajuarez.mx\/historico\/wp-json\/wp\/v2\/tags?post=124164"}],"curies":[{"name":"wp","href":"https:\/\/api.w.org\/{rel}","templated":true}]}}