{"id":124156,"date":"2020-07-16T07:07:58","date_gmt":"2020-07-16T12:07:58","guid":{"rendered":"https:\/\/plazajuarez.mx\/?p=124156"},"modified":"2020-07-16T07:08:13","modified_gmt":"2020-07-16T12:08:13","slug":"exhortan-a-comerciantes-a-respetar-derecho-de-via","status":"publish","type":"post","link":"https:\/\/plazajuarez.mx\/historico\/exhortan-a-comerciantes-a-respetar-derecho-de-via\/","title":{"rendered":"Exhortan a comerciantes a respetar derecho de v\u00eda"},"content":{"rendered":"\n<ul class=\"wp-block-list\"><li><strong>Lo pide la Direcci\u00f3n de Mercados a los ambulantes de San Alejo&nbsp;<\/strong><\/li><\/ul>\n\n\n\n<ul class=\"wp-block-list\"><li><strong>Analizar\u00e1n la propuesta de reubicarse al tianguis de San \u00c1ngel que se realiza los martes<\/strong><\/li><\/ul>\n\n\n\n<!--more-->\n\n\n\n<p><strong>Tulancingo<\/strong>.- Con el\u00a0 prop\u00f3sito de que sean despejados acotamientos de v\u00edas carreteras, la direcci\u00f3n de Mercados realiza recorridos exhortando a comerciantes a no apostarse en derecho de v\u00eda, pues ello implica riesgo adem\u00e1s de un obst\u00e1culo para maniobrar en caso de percances viales.<\/p>\n\n\n\n<p>Juan Manuel Hern\u00e1ndez, director de mercados, indic\u00f3 que en el recorrido m\u00e1s reciente, se habl\u00f3 con 14 comerciantes ubicados frente a Hotel San Alejo para indicarles que no es viable su permanencia en el lugar, pues ello implica que se quebranten normas.<\/p>\n\n\n\n<p>Los comerciantes colaboraron y retiraron mercanc\u00edas del espacio carretero, adem\u00e1s de que analizar\u00e1n la propuesta de reubicarse al tianguis de San \u00c1ngel de los martes.<\/p>\n\n\n\n<p>El funcionario municipal dijo que estos recorridos son una acci\u00f3n complementaria a las inspecciones&nbsp; para el cumplimiento de protocolos sanitarios por la Covid en espacios comerciales.<\/p>\n\n\n\n<p>En el caso de la liberaci\u00f3n de acotamientos, la direcci\u00f3n de Mercados ampliar\u00e1 sus revisiones a otros puntos de la ciudad, de tal manera que haya regulaci\u00f3n en el tema de ambulantaje.<\/p>\n\n\n\n<p>Los efectos econ\u00f3micos de la pandemia han motivado que personas busquen ingresos con la venta de diversas mercanc\u00edas, sin embargo existen leyes y reglamentos para el control de ambulantaje.<\/p>\n\n\n\n<p>Se record\u00f3 que est\u00e1 por aprobarse el reglamento de comercio en v\u00eda p\u00fablica, lo cual ser\u00e1 un paso favorable para una atenci\u00f3n m\u00e1s amplia al tema.<\/p>\n","protected":false},"excerpt":{"rendered":"<p>Lo pide la Direcci\u00f3n de Mercados a los ambulantes de San Alejo&nbsp; Analizar\u00e1n la propuesta de reubicarse al tianguis de San \u00c1ngel que se realiza los martes<\/p>\n","protected":false},"author":70,"featured_media":0,"comment_status":"closed","ping_status":"open","sticky":false,"template":"","format":"standard","meta":{"footnotes":""},"categories":[40],"tags":[],"class_list":["post-124156","post","type-post","status-publish","format-standard","hentry","category-region"],"_links":{"self":[{"href":"https:\/\/plazajuarez.mx\/historico\/wp-json\/wp\/v2\/posts\/124156","targetHints":{"allow":["GET"]}}],"collection":[{"href":"https:\/\/plazajuarez.mx\/historico\/wp-json\/wp\/v2\/posts"}],"about":[{"href":"https:\/\/plazajuarez.mx\/historico\/wp-json\/wp\/v2\/types\/post"}],"author":[{"embeddable":true,"href":"https:\/\/plazajuarez.mx\/historico\/wp-json\/wp\/v2\/users\/70"}],"replies":[{"embeddable":true,"href":"https:\/\/plazajuarez.mx\/historico\/wp-json\/wp\/v2\/comments?post=124156"}],"version-history":[{"count":0,"href":"https:\/\/plazajuarez.mx\/historico\/wp-json\/wp\/v2\/posts\/124156\/revisions"}],"wp:attachment":[{"href":"https:\/\/plazajuarez.mx\/historico\/wp-json\/wp\/v2\/media?parent=124156"}],"wp:term":[{"taxonomy":"category","embeddable":true,"href":"https:\/\/plazajuarez.mx\/historico\/wp-json\/wp\/v2\/categories?post=124156"},{"taxonomy":"post_tag","embeddable":true,"href":"https:\/\/plazajuarez.mx\/historico\/wp-json\/wp\/v2\/tags?post=124156"}],"curies":[{"name":"wp","href":"https:\/\/api.w.org\/{rel}","templated":true}]}}