{"id":124155,"date":"2020-07-16T07:06:20","date_gmt":"2020-07-16T12:06:20","guid":{"rendered":"https:\/\/plazajuarez.mx\/?p=124155"},"modified":"2020-07-16T07:06:36","modified_gmt":"2020-07-16T12:06:36","slug":"continua-invasion-de-ciclovia","status":"publish","type":"post","link":"https:\/\/plazajuarez.mx\/historico\/continua-invasion-de-ciclovia\/","title":{"rendered":"Contin\u00faa invasi\u00f3n de ciclov\u00eda"},"content":{"rendered":"\n<ul class=\"wp-block-list\"><li><strong>Los invasores son comerciantes y una base de colectivas<\/strong><\/li><\/ul>\n\n\n\n<ul class=\"wp-block-list\"><li><strong>Por lo menos, ocho negocios han invadido este espacio destinada originalmente para movilidad alterna.<\/strong><\/li><\/ul>\n\n\n\n<!--more-->\n\n\n\n<p><strong>Tulancingo<\/strong>.- Comercios locales y una base de colectivas contin\u00faa invadiendo el andador o ciclov\u00eda que se ubica cerca del distribuidor vial La Morena, sin que la autoridad realice algo para regularizar este espacio, que en primera instancia estaba destinado para la movilidad alterna o esparcimiento ciudadano.<\/p>\n\n\n\n<p>El tramo vial que corre a la calle Violeta y que es continuaci\u00f3n del bulevar Pifsal, es atractivo para el comercio, ya que, a la fecha, hay ocho cortinas comerciales y un negocio de antojitos, dos de los cuales, al parecer, fueron autorizados por la presente administraci\u00f3n.<\/p>\n\n\n\n<p>Del lado oriente de la vialidad, en la esquina con el distribuidor La Morena, hay cuatro cortinas que autoriz\u00f3 el anterior gobierno municipal y que son ocupadas por un negocio de venta de bebidas embotelladas, y aunque procuran dejar libre el espacio de la ciclo v\u00eda, no siempre lo logran.<\/p>\n\n\n\n<p>Adem\u00e1s, junto a dicho comercio se encuentra la base de colectivos que van hacia la zona norte del municipio, quienes ya instalaron una estructura met\u00e1lica tipo techado para protegerse del sol.<\/p>\n\n\n\n<p>Del lado poniente del llamado bulevar La Morena hay otras cuatro cortinas comerciales, tres de ellas hered\u00f3 tambi\u00e9n la administraci\u00f3n municipal 2012- 2016, una m\u00e1s que aparentemente ya cerr\u00f3, fue abierta durante el presente gobierno local.<\/p>\n\n\n\n<p>Recientemente, a la mitad del tramo mencionado, abrieron un negocio de antojitos mexicanos en la parte oriente de la vialidad.<\/p>\n","protected":false},"excerpt":{"rendered":"<p>Los invasores son comerciantes y una base de colectivas Por lo menos, ocho negocios han invadido este espacio destinada originalmente para movilidad alterna.<\/p>\n","protected":false},"author":70,"featured_media":0,"comment_status":"closed","ping_status":"open","sticky":false,"template":"","format":"standard","meta":{"footnotes":""},"categories":[40],"tags":[],"class_list":["post-124155","post","type-post","status-publish","format-standard","hentry","category-region"],"_links":{"self":[{"href":"https:\/\/plazajuarez.mx\/historico\/wp-json\/wp\/v2\/posts\/124155","targetHints":{"allow":["GET"]}}],"collection":[{"href":"https:\/\/plazajuarez.mx\/historico\/wp-json\/wp\/v2\/posts"}],"about":[{"href":"https:\/\/plazajuarez.mx\/historico\/wp-json\/wp\/v2\/types\/post"}],"author":[{"embeddable":true,"href":"https:\/\/plazajuarez.mx\/historico\/wp-json\/wp\/v2\/users\/70"}],"replies":[{"embeddable":true,"href":"https:\/\/plazajuarez.mx\/historico\/wp-json\/wp\/v2\/comments?post=124155"}],"version-history":[{"count":0,"href":"https:\/\/plazajuarez.mx\/historico\/wp-json\/wp\/v2\/posts\/124155\/revisions"}],"wp:attachment":[{"href":"https:\/\/plazajuarez.mx\/historico\/wp-json\/wp\/v2\/media?parent=124155"}],"wp:term":[{"taxonomy":"category","embeddable":true,"href":"https:\/\/plazajuarez.mx\/historico\/wp-json\/wp\/v2\/categories?post=124155"},{"taxonomy":"post_tag","embeddable":true,"href":"https:\/\/plazajuarez.mx\/historico\/wp-json\/wp\/v2\/tags?post=124155"}],"curies":[{"name":"wp","href":"https:\/\/api.w.org\/{rel}","templated":true}]}}