{"id":124154,"date":"2020-07-16T07:05:46","date_gmt":"2020-07-16T12:05:46","guid":{"rendered":"https:\/\/plazajuarez.mx\/?p=124154"},"modified":"2020-07-16T07:06:26","modified_gmt":"2020-07-16T12:06:26","slug":"acusa-alcalde-a-regidor-soto-marquez-de-difamacion","status":"publish","type":"post","link":"https:\/\/plazajuarez.mx\/historico\/acusa-alcalde-a-regidor-soto-marquez-de-difamacion\/","title":{"rendered":"Acusa alcalde a regidor Soto M\u00e1rquez de difamaci\u00f3n"},"content":{"rendered":"\n<ul class=\"wp-block-list\"><li><strong>El presidente municipal afirma que lo declarado por el asamble\u00edsta carece de sustento y veracidad<\/strong><\/li><\/ul>\n\n\n\n<ul class=\"wp-block-list\"><li><strong>Adelant\u00f3 que actuar\u00e1 conforme a derecho ante tales declaraciones a las que calific\u00f3 de difamaciones.<\/strong><\/li><\/ul>\n\n\n\n<!--more-->\n\n\n\n<p><strong>Tulancingo<\/strong>.- Tras las declaraciones del regidor Pedro Hiram Soto M\u00e1rquez en conferencia de prensa, donde inform\u00f3 que iniciar\u00eda una denuncia en contra del alcalde y tesorero municipal por posible cohecho, peculado y ejercicio indebido del servicio p\u00fablico, el alcalde Fernando P\u00e9rez Rodr\u00edguez emiti\u00f3 un comunicado donde asegura que lo declarado por el regidor carece de sustento y veracidad; as\u00ed mismo, adelant\u00f3 que actuar\u00e1 conforme a derecho ante tales declaraciones a las que calific\u00f3 de difamaciones.<\/p>\n\n\n\n<p>\u201cAnte recientes declaraciones vertidas por el regidor Pedro Hiram Soto M\u00e1rquez en donde se realizan serios se\u00f1alamientos que carecen de sustento y veracidad en contra de su persona y servidores p\u00fablicos, el presidente Fernando P\u00e9rez Rodr\u00edguez inform\u00f3 que se actuar\u00e1 conforme a derecho pues existen elementos suficientes para responder ante difamaciones por el supuesto ejercicio indebido del servicio p\u00fablico, cohecho y peculado.<\/p>\n\n\n\n<p>El alcalde desminti\u00f3 que el recurso recientemente aprobado por el Ayuntamiento para fines de modernizaci\u00f3n del sistema catastral vaya a ser destinado al pago de bonos a regidores al concluir la actual administraci\u00f3n municipal.<\/p>\n\n\n\n<p>Integrantes del Ayuntamiento, indic\u00f3, se mostraron sorprendidos y molestos ante tales declaraciones y se considera que el tema tiene un trasfondo pol\u00edtico, m\u00e1s all\u00e1 de cuidar el erario p\u00fablico.<\/p>\n\n\n\n<p>El ejecutivo indic\u00f3 que, en atenci\u00f3n a la normatividad estatal, la actualizaci\u00f3n del catastro debe realizarse de manera peri\u00f3dica, pues la din\u00e1mica de la ciudad tiene cambios y lo m\u00e1s importante es que este programa no implica heredar adeudos.<\/p>\n\n\n\n<p>En lo referente a que el supuesto bono para regidores ser\u00eda cubierto con recursos de la feria, el mandatario neg\u00f3 tal situaci\u00f3n pues en cada edici\u00f3n ferial se han presentado estados financieros detallados por conceptos y siempre ha existido transparencia que puede ser cotejada con documentaci\u00f3n que lo avala.<\/p>\n\n\n\n<p>El alcalde tulancinguense atribuy\u00f3 este actuar del regidor a los tiempos pol\u00edticos en donde se busca denostar para atraer la atenci\u00f3n de la prensa y para generar pol\u00e9mica y denostaci\u00f3n ante la ciudadan\u00eda, a trav\u00e9s de se\u00f1alamientos infundados.<\/p>\n\n\n\n<p>Finalmente, el jefe del Ejecutivo municipal, Fernando P\u00e9rez Rodr\u00edguez, reiter\u00f3 su compromiso de seguir trabajando por Tulancingo, a fin de entregar un municipio en las mejores condiciones y sobre todo con finanzas sanas.<\/p>\n\n\n\n<p>Las acusaciones manifestadas en contra del mandatario local son equivocadas en forma y en fondo involucrando a diversas personas que har\u00e1n la defensa correspondiente\u201d, se\u00f1ala el comunicado.<\/p>\n\n\n\n<p>Se reconoci\u00f3 al Ayuntamiento local por su compromiso con la legalidad y sobre todo con la honestidad para no incurrir en actos discrecionales que impliquen afectaci\u00f3n al erario.<\/p>\n\n\n\n<p>Todo lo actuado ha sido consensuado al interior del cabildo, tal y como lo se\u00f1ala la normatividad interna y la de observancia general.<\/p>\n","protected":false},"excerpt":{"rendered":"<p>El presidente municipal afirma que lo declarado por el asamble\u00edsta carece de sustento y veracidad Adelant\u00f3 que actuar\u00e1 conforme a derecho ante tales declaraciones a las que calific\u00f3 de difamaciones.<\/p>\n","protected":false},"author":70,"featured_media":0,"comment_status":"closed","ping_status":"open","sticky":false,"template":"","format":"standard","meta":{"footnotes":""},"categories":[40],"tags":[],"class_list":["post-124154","post","type-post","status-publish","format-standard","hentry","category-region"],"_links":{"self":[{"href":"https:\/\/plazajuarez.mx\/historico\/wp-json\/wp\/v2\/posts\/124154","targetHints":{"allow":["GET"]}}],"collection":[{"href":"https:\/\/plazajuarez.mx\/historico\/wp-json\/wp\/v2\/posts"}],"about":[{"href":"https:\/\/plazajuarez.mx\/historico\/wp-json\/wp\/v2\/types\/post"}],"author":[{"embeddable":true,"href":"https:\/\/plazajuarez.mx\/historico\/wp-json\/wp\/v2\/users\/70"}],"replies":[{"embeddable":true,"href":"https:\/\/plazajuarez.mx\/historico\/wp-json\/wp\/v2\/comments?post=124154"}],"version-history":[{"count":0,"href":"https:\/\/plazajuarez.mx\/historico\/wp-json\/wp\/v2\/posts\/124154\/revisions"}],"wp:attachment":[{"href":"https:\/\/plazajuarez.mx\/historico\/wp-json\/wp\/v2\/media?parent=124154"}],"wp:term":[{"taxonomy":"category","embeddable":true,"href":"https:\/\/plazajuarez.mx\/historico\/wp-json\/wp\/v2\/categories?post=124154"},{"taxonomy":"post_tag","embeddable":true,"href":"https:\/\/plazajuarez.mx\/historico\/wp-json\/wp\/v2\/tags?post=124154"}],"curies":[{"name":"wp","href":"https:\/\/api.w.org\/{rel}","templated":true}]}}