{"id":124133,"date":"2020-07-16T06:47:37","date_gmt":"2020-07-16T11:47:37","guid":{"rendered":"https:\/\/plazajuarez.mx\/?p=124133"},"modified":"2020-07-16T06:47:52","modified_gmt":"2020-07-16T11:47:52","slug":"anuncia-cfe-apoyo-a-la-economia-de-las-familias","status":"publish","type":"post","link":"https:\/\/plazajuarez.mx\/historico\/anuncia-cfe-apoyo-a-la-economia-de-las-familias\/","title":{"rendered":"Anuncia CFE apoyo a la econom\u00eda de las familias"},"content":{"rendered":"\n<p>La Comisi\u00f3n Federal de Electricidad (CFE), anunci\u00f3 que a los usuarios con tarifas dom\u00e9sticas que presenten una elevaci\u00f3n en el uso de la luz a consecuencia de la actual pandemia del Covid-19, no se les clasificar\u00e1 a una tarifa de alto consumo, con el prop\u00f3sito de ayudar a la econ\u00f3mica de las familias.&nbsp;&nbsp;<\/p>\n\n\n\n<p>La CFE explic\u00f3 que existen siete distintos tipos de clasificaciones dom\u00e9sticas y una dom\u00e9stica de alto consumo que aplican seg\u00fan la localidad; las tarifas son establecidas seg\u00fan la temperatura de la comunidad, y en lugares extremos se aplica un subsidio gubernamental mayor, considerando que en esos lugares se incrementa el consumo de electricidad.&nbsp;<\/p>\n\n\n\n<p>\u201cEn apoyo a la econom\u00eda de las familias mexicanas durante la crisis sanitaria, la CFE y<a href=\"https:\/\/twitter.com\/Hacienda_Mexico?ref_src=twsrc%5Etfw%7Ctwcamp%5Etweetembed%7Ctwterm%5E1282810673546899457%7Ctwgr%5E&amp;ref_url=https%3A%2F%2Fd-15894377092247114249.ampproject.net%2F2007040248002%2Fframe.html\"> <\/a>la Secretar\u00eda de Hacienda y Cr\u00e9dito P\u00fablico (SHCP), acordamos no subir a usuarios con elevado consumo de luz, la tarifa de alto consumo\u201d, sostuvo la empresa subsidiaria.&nbsp;<\/p>\n\n\n\n<p>El acuerdo de no reclasificar las tarifas de consumo de energ\u00eda el\u00e9ctrica abarca 39 millones de hogares en M\u00e9xico, de los cuales 756 mil 798 se encuentran en Hidalgo.<\/p>\n","protected":false},"excerpt":{"rendered":"<p>La Comisi\u00f3n Federal de Electricidad (CFE), anunci\u00f3 que a los usuarios con tarifas dom\u00e9sticas que presenten una elevaci\u00f3n en el uso de la luz a consecuencia de la actual pandemia del Covid-19, no se les clasificar\u00e1 a una tarifa de alto consumo, con el prop\u00f3sito de ayudar a la econ\u00f3mica de las familias.&nbsp;&nbsp; La CFE [&hellip;]<\/p>\n","protected":false},"author":93,"featured_media":0,"comment_status":"closed","ping_status":"open","sticky":false,"template":"","format":"standard","meta":{"footnotes":""},"categories":[59],"tags":[],"class_list":["post-124133","post","type-post","status-publish","format-standard","hentry","category-general"],"_links":{"self":[{"href":"https:\/\/plazajuarez.mx\/historico\/wp-json\/wp\/v2\/posts\/124133","targetHints":{"allow":["GET"]}}],"collection":[{"href":"https:\/\/plazajuarez.mx\/historico\/wp-json\/wp\/v2\/posts"}],"about":[{"href":"https:\/\/plazajuarez.mx\/historico\/wp-json\/wp\/v2\/types\/post"}],"author":[{"embeddable":true,"href":"https:\/\/plazajuarez.mx\/historico\/wp-json\/wp\/v2\/users\/93"}],"replies":[{"embeddable":true,"href":"https:\/\/plazajuarez.mx\/historico\/wp-json\/wp\/v2\/comments?post=124133"}],"version-history":[{"count":0,"href":"https:\/\/plazajuarez.mx\/historico\/wp-json\/wp\/v2\/posts\/124133\/revisions"}],"wp:attachment":[{"href":"https:\/\/plazajuarez.mx\/historico\/wp-json\/wp\/v2\/media?parent=124133"}],"wp:term":[{"taxonomy":"category","embeddable":true,"href":"https:\/\/plazajuarez.mx\/historico\/wp-json\/wp\/v2\/categories?post=124133"},{"taxonomy":"post_tag","embeddable":true,"href":"https:\/\/plazajuarez.mx\/historico\/wp-json\/wp\/v2\/tags?post=124133"}],"curies":[{"name":"wp","href":"https:\/\/api.w.org\/{rel}","templated":true}]}}