{"id":124132,"date":"2020-07-16T06:49:17","date_gmt":"2020-07-16T11:49:17","guid":{"rendered":"https:\/\/plazajuarez.mx\/?p=124132"},"modified":"2020-07-16T06:49:35","modified_gmt":"2020-07-16T11:49:35","slug":"mediante-cachiverano-promueven-derechos-de-infancias","status":"publish","type":"post","link":"https:\/\/plazajuarez.mx\/historico\/mediante-cachiverano-promueven-derechos-de-infancias\/","title":{"rendered":"Mediante Cachiverano promueven derechos de infancias"},"content":{"rendered":"\n<ul class=\"wp-block-list\"><li><strong>Seiinac lo lleva a cabo con las medidas sanitarias adecuadas<\/strong><\/li><\/ul>\n\n\n\n<!--more-->\n\n\n\n<p>Servicios de Inclusi\u00f3n Integral y Derechos Humanos Asociaci\u00f3n Civil (Seiinac) promueve los derechos humanos de las ni\u00f1as y ni\u00f1os, mediante la estrategia &#8220;Cachiverano 2020&#8221;. Todas las actividades que forman parte del curso de verano las transmite la organizaci\u00f3n mediante redes sociales.&nbsp;<\/p>\n\n\n\n<p>&#8220;El Cachiverano es un espacio que promueve los Derechos Humanos de Ni\u00f1as, Ni\u00f1os y Adolescentes desde hace doce a\u00f1os. Reconocemos la labor que todas y todos realizan, agradecemos a las y los cachicuates, ya que el Cachiverano lo construimos todas y todos&#8221;, afirm\u00f3 Seiinac.<\/p>\n\n\n\n<p>Cabe destacar que dicha iniciativa dio inicio este mi\u00e9rcoles 15 de julio, mediante las redes sociales de la asociaci\u00f3n. Las actividades tratar\u00e1n diferentes temas referentes a la promoci\u00f3n de los derechos de las infancias.<\/p>\n\n\n\n<p>Asimismo, las fechas en las que se realizan y transmiten las actividades del Cachiverano corresponden del 17 de julio y hasta el 7 de agosto. Los temas que tratar\u00e1 la asociaci\u00f3n son: derechos humanos, derecho a la no discriminaci\u00f3n, derecho a vivir en condiciones de bienestar&nbsp; y a un sano desarrollo integral, derecho al descansl y al esparcimiento, derecho a una vida libre de violencia e integridad personal, derecho a la participaci\u00f3n, derecho a la educaci\u00f3n y derecho a la salud.<\/p>\n","protected":false},"excerpt":{"rendered":"<p>Seiinac lo lleva a cabo con las medidas sanitarias adecuadas<\/p>\n","protected":false},"author":93,"featured_media":0,"comment_status":"closed","ping_status":"open","sticky":false,"template":"","format":"standard","meta":{"footnotes":""},"categories":[59],"tags":[],"class_list":["post-124132","post","type-post","status-publish","format-standard","hentry","category-general"],"_links":{"self":[{"href":"https:\/\/plazajuarez.mx\/historico\/wp-json\/wp\/v2\/posts\/124132","targetHints":{"allow":["GET"]}}],"collection":[{"href":"https:\/\/plazajuarez.mx\/historico\/wp-json\/wp\/v2\/posts"}],"about":[{"href":"https:\/\/plazajuarez.mx\/historico\/wp-json\/wp\/v2\/types\/post"}],"author":[{"embeddable":true,"href":"https:\/\/plazajuarez.mx\/historico\/wp-json\/wp\/v2\/users\/93"}],"replies":[{"embeddable":true,"href":"https:\/\/plazajuarez.mx\/historico\/wp-json\/wp\/v2\/comments?post=124132"}],"version-history":[{"count":0,"href":"https:\/\/plazajuarez.mx\/historico\/wp-json\/wp\/v2\/posts\/124132\/revisions"}],"wp:attachment":[{"href":"https:\/\/plazajuarez.mx\/historico\/wp-json\/wp\/v2\/media?parent=124132"}],"wp:term":[{"taxonomy":"category","embeddable":true,"href":"https:\/\/plazajuarez.mx\/historico\/wp-json\/wp\/v2\/categories?post=124132"},{"taxonomy":"post_tag","embeddable":true,"href":"https:\/\/plazajuarez.mx\/historico\/wp-json\/wp\/v2\/tags?post=124132"}],"curies":[{"name":"wp","href":"https:\/\/api.w.org\/{rel}","templated":true}]}}