{"id":124117,"date":"2020-07-16T06:33:45","date_gmt":"2020-07-16T11:33:45","guid":{"rendered":"https:\/\/plazajuarez.mx\/?p=124117"},"modified":"2020-07-16T06:36:22","modified_gmt":"2020-07-16T11:36:22","slug":"dese-por-enterado-740","status":"publish","type":"post","link":"https:\/\/plazajuarez.mx\/historico\/dese-por-enterado-740\/","title":{"rendered":"Ejecutan a dos hombres en Cuautepec"},"content":{"rendered":"\n<ul class=\"wp-block-list\"><li><strong>Ocurri\u00f3 en dos hechos distintos pero con apenas algunos minutos de diferencia entre uno y el otro, de acuerdo con informaci\u00f3n de las autoridades policiacas<\/strong><\/li><\/ul>\n\n\n\n<!--more-->\n\n\n\n<p><strong>Cuautepec de Hinojosa.-<\/strong> Dos varones fueron ejecutados la noche de ayer, mi\u00e9rcoles, en distintos puntos del municipio de Cuautepec, sobre la carretera estatal hacia Tulancingo, en dos hechos distintos pero con apenas algunos minutos de diferencia entre uno y el otro, de acuerdo con informaci\u00f3n de las autoridades policiacas.<\/p>\n\n\n\n<p>El primero de ellos, de acuerdo con testigos, fue baleado por sujetos armados a bordo de una camioneta negra en la colonia El Pedregal, en la zona conocida como La Zanja.<\/p>\n\n\n\n<p>La direcci\u00f3n de Seguridad P\u00fablica de Cuautepec, recibi\u00f3 el reporte sobre este suceso aproximadamente a las 21:10 horas; al arribar al lugar, se encontr\u00f3 a un hombre tirado, con l\u00edquido hem\u00e1tico en el rostro y en sus ropas, por lo que se solicit\u00f3 el apoyo de Protecci\u00f3n Civil, cuyos param\u00e9dicos notificaron que la persona ya no presentaba signos vitales.<\/p>\n\n\n\n<p>Por este hecho, la zona fue acordonada y se dio aviso al Ministerio P\u00fablico para llevar a cabo el procedimiento correspondiente.<\/p>\n\n\n\n<p>El ahora occiso fue identificado con el nombre de iniciales J. R. R. L., de 41 a\u00f1os de edad, originario de la colonia El Pedregal, quien presentaba tres impactos de bala en el cuerpo.<\/p>\n\n\n\n<p><strong>Minutos despu\u00e9s fue ejecutado un joven en Tepantitla<\/strong><\/p>\n\n\n\n<p>Otro var\u00f3n de 25 a\u00f1os de edad fue ultimado minutos despu\u00e9s, al interior de un autolavado a la altura de la colonia Tepantitla.<\/p>\n\n\n\n<p>Elementos de Seguridad P\u00fablica arribaron aproximadamente a las 21:30 horas y se entrevistaron con un hombre de 44 a\u00f1os de edad, quien inform\u00f3 que, al estar dentro de su domicilio, escuch\u00f3 varias detonaciones de arma de fuego, por lo que sali\u00f3 para percatarse de lo que suced\u00eda.<\/p>\n\n\n\n<p>EL hombre encontr\u00f3 a su hijo tirado en el patio de su negocio de auto lavado, quien ten\u00eda l\u00edquido hem\u00e1tico en su ropa, por lo que solicita apoyo a Protecci\u00f3n Civil.<\/p>\n\n\n\n<p>Al arribar la ambulancia, se confirm\u00f3 la ausencia de signos vitales de quien en vida llevara el nombre con las iniciales R. T. M.<\/p>\n\n\n\n<p>Por este hecho tambi\u00e9n se dio parte al ministerio p\u00fablico del fuero com\u00fan para diligencias correspondientes.<\/p>\n\n\n\n<p>Hasta el momento, no se inform\u00f3 sobre personas detenidas por estos hechos.<\/p>\n","protected":false},"excerpt":{"rendered":"<p>Ocurri\u00f3 en dos hechos distintos pero con apenas algunos minutos de diferencia entre uno y el otro, de acuerdo con informaci\u00f3n de las autoridades policiacas<\/p>\n","protected":false},"author":93,"featured_media":0,"comment_status":"closed","ping_status":"open","sticky":false,"template":"","format":"standard","meta":{"footnotes":""},"categories":[15,40],"tags":[],"class_list":["post-124117","post","type-post","status-publish","format-standard","hentry","category-destacadas","category-region"],"_links":{"self":[{"href":"https:\/\/plazajuarez.mx\/historico\/wp-json\/wp\/v2\/posts\/124117","targetHints":{"allow":["GET"]}}],"collection":[{"href":"https:\/\/plazajuarez.mx\/historico\/wp-json\/wp\/v2\/posts"}],"about":[{"href":"https:\/\/plazajuarez.mx\/historico\/wp-json\/wp\/v2\/types\/post"}],"author":[{"embeddable":true,"href":"https:\/\/plazajuarez.mx\/historico\/wp-json\/wp\/v2\/users\/93"}],"replies":[{"embeddable":true,"href":"https:\/\/plazajuarez.mx\/historico\/wp-json\/wp\/v2\/comments?post=124117"}],"version-history":[{"count":0,"href":"https:\/\/plazajuarez.mx\/historico\/wp-json\/wp\/v2\/posts\/124117\/revisions"}],"wp:attachment":[{"href":"https:\/\/plazajuarez.mx\/historico\/wp-json\/wp\/v2\/media?parent=124117"}],"wp:term":[{"taxonomy":"category","embeddable":true,"href":"https:\/\/plazajuarez.mx\/historico\/wp-json\/wp\/v2\/categories?post=124117"},{"taxonomy":"post_tag","embeddable":true,"href":"https:\/\/plazajuarez.mx\/historico\/wp-json\/wp\/v2\/tags?post=124117"}],"curies":[{"name":"wp","href":"https:\/\/api.w.org\/{rel}","templated":true}]}}