{"id":124061,"date":"2020-07-15T08:42:41","date_gmt":"2020-07-15T13:42:41","guid":{"rendered":"https:\/\/plazajuarez.mx\/?p=124061"},"modified":"2020-07-15T08:42:54","modified_gmt":"2020-07-15T13:42:54","slug":"madrid-sin-fiestas-por-campeonato","status":"publish","type":"post","link":"https:\/\/plazajuarez.mx\/historico\/madrid-sin-fiestas-por-campeonato\/","title":{"rendered":"Madrid, sin fiestas por campeonato"},"content":{"rendered":"\n<ul class=\"wp-block-list\"><li><strong>A trav\u00e9s de un comunicado, los blancos pidieron no realizar festejos\u00a0<\/strong><\/li><\/ul>\n\n\n\n<!--more-->\n\n\n\n<p>(EL UNIVERSAL).- El Real Madrid est\u00e1 a una victoria \u2013o un tropiezo del Barcelona- para conquistar su t\u00edtulo 34 dentro de la Liga de Espa\u00f1a; sin embargo, el club solicit\u00f3 no hacer fiestas en caso de lograrlo.<\/p>\n\n\n\n<p>A trav\u00e9s de un comunicado, los blancos pidieron a sus aficionados y socios no realizar los tradicionales festejos en la Cibeles, en caso de que Zinedine Zidane y compa\u00f1\u00eda se coronen este jueves.<\/p>\n\n\n\n<p>&#8220;Todos somos conscientes de la dif\u00edcil situaci\u00f3n que vivimos y del esfuerzo que la sociedad est\u00e1 haciendo para combatir los efectos de la pandemia del Covid-19. El futbol tambi\u00e9n est\u00e1 contribuyendo a ello y, entre todos, se ha logrado recuperar la competici\u00f3n en un contexto enormemente complejo&#8221;, publicaron los merengues.<\/p>\n\n\n\n<p>&#8220;Si se diera la circunstancia de que el Real Madrid se proclamara campe\u00f3n, nuestros jugadores no acudir\u00edan a los tradicionales lugares de celebraci\u00f3n, especialmente a la plaza de Cibeles, por lo que pedimos tambi\u00e9n a nuestros socios y aficionados que, en el caso de que se pudiera conquistar el campeonato, no acudan tampoco a dichos lugares. En este sentido, todos debemos contribuir, como hasta ahora, con absoluta responsabilidad a evitar riesgos de contagio de la pandemia&#8221;.<\/p>\n\n\n\n<p>Desde el regreso a las actividades por la pandemia global, los pupilos de Zidane han ganado todos los partidos (nueve) y tienen una ventaja de cuatro puntos sobre el Barcelona.<\/p>\n\n\n\n<p>Los merengues reciben este jueves (14:00 horas tiempo del Centro de M\u00e9xico) al Villarreal, correspondiente a la pen\u00faltima jornada de la temporada 2019-20. Al mismo tiempo, el los cul\u00e9 enfrenta al Osasuna; si los blancos no ganan, pero los blaugrana tampoco, tambi\u00e9n se coronan.<\/p>\n\n\n\n<p>La \u00fanica forma en la cual los catalanes siguen con opciones de arrebatar el campeonato es ganar y que su ac\u00e9rrimo rival tropiece, para definir la campa\u00f1a hasta el domingo.<\/p>\n","protected":false},"excerpt":{"rendered":"<p>A trav\u00e9s de un comunicado, los blancos pidieron no realizar festejos\u00a0<\/p>\n","protected":false},"author":81,"featured_media":0,"comment_status":"closed","ping_status":"open","sticky":false,"template":"","format":"standard","meta":{"footnotes":""},"categories":[39],"tags":[],"class_list":["post-124061","post","type-post","status-publish","format-standard","hentry","category-deportiva"],"_links":{"self":[{"href":"https:\/\/plazajuarez.mx\/historico\/wp-json\/wp\/v2\/posts\/124061","targetHints":{"allow":["GET"]}}],"collection":[{"href":"https:\/\/plazajuarez.mx\/historico\/wp-json\/wp\/v2\/posts"}],"about":[{"href":"https:\/\/plazajuarez.mx\/historico\/wp-json\/wp\/v2\/types\/post"}],"author":[{"embeddable":true,"href":"https:\/\/plazajuarez.mx\/historico\/wp-json\/wp\/v2\/users\/81"}],"replies":[{"embeddable":true,"href":"https:\/\/plazajuarez.mx\/historico\/wp-json\/wp\/v2\/comments?post=124061"}],"version-history":[{"count":0,"href":"https:\/\/plazajuarez.mx\/historico\/wp-json\/wp\/v2\/posts\/124061\/revisions"}],"wp:attachment":[{"href":"https:\/\/plazajuarez.mx\/historico\/wp-json\/wp\/v2\/media?parent=124061"}],"wp:term":[{"taxonomy":"category","embeddable":true,"href":"https:\/\/plazajuarez.mx\/historico\/wp-json\/wp\/v2\/categories?post=124061"},{"taxonomy":"post_tag","embeddable":true,"href":"https:\/\/plazajuarez.mx\/historico\/wp-json\/wp\/v2\/tags?post=124061"}],"curies":[{"name":"wp","href":"https:\/\/api.w.org\/{rel}","templated":true}]}}