{"id":124060,"date":"2020-07-15T08:37:23","date_gmt":"2020-07-15T13:37:23","guid":{"rendered":"https:\/\/plazajuarez.mx\/?p=124060"},"modified":"2020-07-15T08:37:37","modified_gmt":"2020-07-15T13:37:37","slug":"barcelona-cerro-fichaje-del-atacante-brasileno-gustavo-maia","status":"publish","type":"post","link":"https:\/\/plazajuarez.mx\/historico\/barcelona-cerro-fichaje-del-atacante-brasileno-gustavo-maia\/","title":{"rendered":"Barcelona cerr\u00f3 fichaje del atacante brasile\u00f1o Gustavo Maia"},"content":{"rendered":"\n<ul class=\"wp-block-list\"><li><strong>El equipo hizo el lunes uso de la opci\u00f3n de compra por el 70 % los derechos deportivos<\/strong><\/li><\/ul>\n\n\n\n<!--more-->\n\n\n\n<p>(EFE).- El FC Barcelona cerr\u00f3 el fichaje del joven delantero brasile\u00f1o Gustavo Maia, una de las revelaciones del Sao Paulo en este a\u00f1o, cuando hizo su debut profesional antes de la paralizaci\u00f3n del f\u00fatbol por la pandemia del coronavirus, inform\u00f3 este martes la prensa.&nbsp;<\/p>\n\n\n\n<p>Seg\u00fan fuentes del equipo paulista citadas por el canal ESPN Brasil y por el portal Globoesporte, el Barcelona hizo el lunes uso de la opci\u00f3n de compra por el 70 % los derechos deportivos del atacante de 19 a\u00f1os, antes de que venciera este mi\u00e9rcoles la propuesta de negociaci\u00f3n establecida a comienzos del a\u00f1o.&nbsp;<\/p>\n\n\n\n<p>El Barcelona ya hab\u00eda pagado un mill\u00f3n de euros (unos 1,14 millones de d\u00f3lares) por la exclusividad de esa opci\u00f3n de compra, fijada en un valor total de 4,5 millones de euros (unos 5,12 millones de d\u00f3lares)&nbsp;<\/p>\n\n\n\n<p>El club catal\u00e1n, seg\u00fan los medios brasile\u00f1os, desembolsar\u00e1 los otros 3,5 millones de euros (unos 3,98 millones de d\u00f3lares) a trav\u00e9s de un fondo de inversiones que pagar\u00e1 la cuant\u00eda al Sao Paulo y conceder\u00e1 un cr\u00e9dito por ese valor al Barcelona.&nbsp;<\/p>\n\n\n\n<p>El Sao Paulo mantendr\u00e1 el otro 30 % de los derechos del jugador.<\/p>\n","protected":false},"excerpt":{"rendered":"<p>El equipo hizo el lunes uso de la opci\u00f3n de compra por el 70 % los derechos deportivos<\/p>\n","protected":false},"author":80,"featured_media":0,"comment_status":"closed","ping_status":"open","sticky":false,"template":"","format":"standard","meta":{"footnotes":""},"categories":[39],"tags":[],"class_list":["post-124060","post","type-post","status-publish","format-standard","hentry","category-deportiva"],"_links":{"self":[{"href":"https:\/\/plazajuarez.mx\/historico\/wp-json\/wp\/v2\/posts\/124060","targetHints":{"allow":["GET"]}}],"collection":[{"href":"https:\/\/plazajuarez.mx\/historico\/wp-json\/wp\/v2\/posts"}],"about":[{"href":"https:\/\/plazajuarez.mx\/historico\/wp-json\/wp\/v2\/types\/post"}],"author":[{"embeddable":true,"href":"https:\/\/plazajuarez.mx\/historico\/wp-json\/wp\/v2\/users\/80"}],"replies":[{"embeddable":true,"href":"https:\/\/plazajuarez.mx\/historico\/wp-json\/wp\/v2\/comments?post=124060"}],"version-history":[{"count":0,"href":"https:\/\/plazajuarez.mx\/historico\/wp-json\/wp\/v2\/posts\/124060\/revisions"}],"wp:attachment":[{"href":"https:\/\/plazajuarez.mx\/historico\/wp-json\/wp\/v2\/media?parent=124060"}],"wp:term":[{"taxonomy":"category","embeddable":true,"href":"https:\/\/plazajuarez.mx\/historico\/wp-json\/wp\/v2\/categories?post=124060"},{"taxonomy":"post_tag","embeddable":true,"href":"https:\/\/plazajuarez.mx\/historico\/wp-json\/wp\/v2\/tags?post=124060"}],"curies":[{"name":"wp","href":"https:\/\/api.w.org\/{rel}","templated":true}]}}