{"id":124053,"date":"2020-07-15T08:15:18","date_gmt":"2020-07-15T13:15:18","guid":{"rendered":"https:\/\/plazajuarez.mx\/?p=124053"},"modified":"2020-07-15T08:15:33","modified_gmt":"2020-07-15T13:15:33","slug":"macron-descarta-alza-de-impuestos-y-anuncia-que-reformara-pensiones","status":"publish","type":"post","link":"https:\/\/plazajuarez.mx\/historico\/macron-descarta-alza-de-impuestos-y-anuncia-que-reformara-pensiones\/","title":{"rendered":"Macron descarta alza de impuestos y anuncia que reformar\u00e1 pensiones"},"content":{"rendered":"\n<ul class=\"wp-block-list\"><li><strong>&#8220;No se supera una crisis como \u00e9sta, subiendo impuestos&#8221;<\/strong><\/li><li><strong>Lo dijo en entrevista televisiva con motivo de la fiesta nacional francesa<\/strong><\/li><\/ul>\n\n\n\n<!--more-->\n\n\n\n<p>EFE.- El presidente franc\u00e9s, Emmanuel Macron, descart\u00f3 ayer alza de impuestos para financiar las medidas adoptadas para contener la recesi\u00f3n posterior a la crisis del coronavirus, al tiempo que se\u00f1al\u00f3 que relanzar\u00e1 la reforma de las pensiones que qued\u00f3 pendiente por la pandemia.<\/p>\n\n\n\n<p>Agreg\u00f3 que subir los impuestos tendr\u00eda efectos negativos en el consumo de los franceses y generar\u00eda dudas en la econom\u00eda.<\/p>\n\n\n\n<p>&#8220;No solucionar\u00eda nada y desanimar\u00eda a la gente de buscar un enriquecimiento a base de trabajo&#8221;, se\u00f1al\u00f3 el presidente, quien record\u00f3 que en su programa electoral se comprometi\u00f3 a reducir la presi\u00f3n impositiva, una de las m\u00e1s altas de Europa.<\/p>\n\n\n\n<p>Macron indic\u00f3 que volver\u00e1 a proponer la reforma de las pensiones, aunque lo har\u00e1 de forma diferente a como lo hizo hace unos meses, cuando provoc\u00f3 una gran oposici\u00f3n de los sindicatos, que paralizaron importantes servicios p\u00fablicos del pa\u00eds durante semanas.<\/p>\n","protected":false},"excerpt":{"rendered":"<p>&#8220;No se supera una crisis como \u00e9sta, subiendo impuestos&#8221; Lo dijo en entrevista televisiva con motivo de la fiesta nacional francesa<\/p>\n","protected":false},"author":80,"featured_media":0,"comment_status":"closed","ping_status":"open","sticky":false,"template":"","format":"standard","meta":{"footnotes":""},"categories":[31],"tags":[],"class_list":["post-124053","post","type-post","status-publish","format-standard","hentry","category-orbe"],"_links":{"self":[{"href":"https:\/\/plazajuarez.mx\/historico\/wp-json\/wp\/v2\/posts\/124053","targetHints":{"allow":["GET"]}}],"collection":[{"href":"https:\/\/plazajuarez.mx\/historico\/wp-json\/wp\/v2\/posts"}],"about":[{"href":"https:\/\/plazajuarez.mx\/historico\/wp-json\/wp\/v2\/types\/post"}],"author":[{"embeddable":true,"href":"https:\/\/plazajuarez.mx\/historico\/wp-json\/wp\/v2\/users\/80"}],"replies":[{"embeddable":true,"href":"https:\/\/plazajuarez.mx\/historico\/wp-json\/wp\/v2\/comments?post=124053"}],"version-history":[{"count":0,"href":"https:\/\/plazajuarez.mx\/historico\/wp-json\/wp\/v2\/posts\/124053\/revisions"}],"wp:attachment":[{"href":"https:\/\/plazajuarez.mx\/historico\/wp-json\/wp\/v2\/media?parent=124053"}],"wp:term":[{"taxonomy":"category","embeddable":true,"href":"https:\/\/plazajuarez.mx\/historico\/wp-json\/wp\/v2\/categories?post=124053"},{"taxonomy":"post_tag","embeddable":true,"href":"https:\/\/plazajuarez.mx\/historico\/wp-json\/wp\/v2\/tags?post=124053"}],"curies":[{"name":"wp","href":"https:\/\/api.w.org\/{rel}","templated":true}]}}