{"id":124034,"date":"2020-07-15T08:14:32","date_gmt":"2020-07-15T13:14:32","guid":{"rendered":"https:\/\/plazajuarez.mx\/?p=124034"},"modified":"2020-07-15T08:14:45","modified_gmt":"2020-07-15T13:14:45","slug":"endeudamiento-por-la-pandemia-durara-generaciones","status":"publish","type":"post","link":"https:\/\/plazajuarez.mx\/historico\/endeudamiento-por-la-pandemia-durara-generaciones\/","title":{"rendered":"Endeudamiento por la pandemia durar\u00e1 generaciones"},"content":{"rendered":"\n<ul class=\"wp-block-list\"><li><strong>As\u00ed lo advirti\u00f3 el fundador del Foro Econ\u00f3mico Mundial, Klaus Schwab&nbsp;<\/strong><\/li><\/ul>\n\n\n\n<!--more-->\n\n\n\n<p>Los efectos de la pandemia ser\u00e1n m\u00e1s parecidos a los de una guerra mundial que a los provocados por la crisis financiera de 2008<\/p>\n\n\n\n<p>EFE.- El mundo arrastraba altos niveles de endeudamiento antes de la llegada de la pandemia de Covid-19, pero los efectos de \u00e9sta aumentar\u00e1n a\u00fan m\u00e1s una deuda que &#8220;ser\u00e1 pagada por generaciones futuras&#8221;, advirti\u00f3 ayer el fundador y presidente ejecutivo del Foro Econ\u00f3mico Mundial, Klaus Schwab.<\/p>\n\n\n\n<p>&#8220;El mundo ya ten\u00eda antes una deuda equivalente a aproximadamente al 300 por ciento de su PIB, pero los programas de rescate gubernamentales, por unos 10 billones de d\u00f3lares, se a\u00f1adir\u00e1n a ese endeudamiento&#8221;, subray\u00f3 Schwabb en una conferencia para presentar su nuevo libro &#8220;Covid-19, el Gran Reinicio&#8221;.<\/p>\n\n\n\n<p>El presidente de la organizaci\u00f3n que anualmente celebra el Foro de Davos a\u00f1adi\u00f3 que los efectos de la pandemia ser\u00e1n m\u00e1s parecidos a los de una guerra mundial que a los provocados por la crisis financiera de 2008, por sus consecuencias no s\u00f3lo econ\u00f3micas y laborales, sino tambi\u00e9n humanas.<\/p>\n\n\n\n<p>&#8220;Por encima de las estad\u00edsticas, m\u00e1s de 500.000 personas han muerto, y hay que imaginarse lo que hay tras ello&#8221;, se\u00f1al\u00f3 Schwabb al respecto.<\/p>\n\n\n\n<p>Tambi\u00e9n mencion\u00f3 que incluso las predicciones m\u00e1s optimistas de organizaciones como el Fondo Monetario Internacional (FMI) no esperan un retorno a las cifras econ\u00f3micas de 2019 hasta finales de 2021, o que la pandemia y la cuarta revoluci\u00f3n industrial, combinadas, afectar\u00e1n a uno de cada dos empleos.<\/p>\n","protected":false},"excerpt":{"rendered":"<p>As\u00ed lo advirti\u00f3 el fundador del Foro Econ\u00f3mico Mundial, Klaus Schwab&nbsp;<\/p>\n","protected":false},"author":80,"featured_media":0,"comment_status":"closed","ping_status":"open","sticky":false,"template":"","format":"standard","meta":{"footnotes":""},"categories":[31],"tags":[],"class_list":["post-124034","post","type-post","status-publish","format-standard","hentry","category-orbe"],"_links":{"self":[{"href":"https:\/\/plazajuarez.mx\/historico\/wp-json\/wp\/v2\/posts\/124034","targetHints":{"allow":["GET"]}}],"collection":[{"href":"https:\/\/plazajuarez.mx\/historico\/wp-json\/wp\/v2\/posts"}],"about":[{"href":"https:\/\/plazajuarez.mx\/historico\/wp-json\/wp\/v2\/types\/post"}],"author":[{"embeddable":true,"href":"https:\/\/plazajuarez.mx\/historico\/wp-json\/wp\/v2\/users\/80"}],"replies":[{"embeddable":true,"href":"https:\/\/plazajuarez.mx\/historico\/wp-json\/wp\/v2\/comments?post=124034"}],"version-history":[{"count":0,"href":"https:\/\/plazajuarez.mx\/historico\/wp-json\/wp\/v2\/posts\/124034\/revisions"}],"wp:attachment":[{"href":"https:\/\/plazajuarez.mx\/historico\/wp-json\/wp\/v2\/media?parent=124034"}],"wp:term":[{"taxonomy":"category","embeddable":true,"href":"https:\/\/plazajuarez.mx\/historico\/wp-json\/wp\/v2\/categories?post=124034"},{"taxonomy":"post_tag","embeddable":true,"href":"https:\/\/plazajuarez.mx\/historico\/wp-json\/wp\/v2\/tags?post=124034"}],"curies":[{"name":"wp","href":"https:\/\/api.w.org\/{rel}","templated":true}]}}