{"id":124028,"date":"2020-07-15T07:56:59","date_gmt":"2020-07-15T12:56:59","guid":{"rendered":"https:\/\/plazajuarez.mx\/?p=124028"},"modified":"2020-07-15T07:57:15","modified_gmt":"2020-07-15T12:57:15","slug":"robaron-en-una-casa-y-ya-los-vincularon-a-proceso","status":"publish","type":"post","link":"https:\/\/plazajuarez.mx\/historico\/robaron-en-una-casa-y-ya-los-vincularon-a-proceso\/","title":{"rendered":"Robaron en una casa y ya los vincularon a proceso"},"content":{"rendered":"\n<ul class=\"wp-block-list\"><li><strong>Lo cometieron el 4 de junio en una bodega de la colonia Lomas de Pedregal en Apan<\/strong><\/li><\/ul>\n\n\n\n<!--more-->\n\n\n\n<p>La Procuradur\u00eda General de Justicia del estado de Hidalgo, acredit\u00f3 a la autoridad judicial, la probable responsabilidad de dos hombres por robo en una bodega ubicada en Tepeapulco.<\/p>\n\n\n\n<p>Los hechos ocurrieron el 4 de junio en una bodega de la colonia Lomas de Pedregal, donde dos personas ingresaron a apoderarse de diversos objetos que se encontraban dentro de la misma.<\/p>\n\n\n\n<p>Ambos hombres fueron sorprendidos por autoridades de seguridad municipal, por lo que fueron asegurados y puestos a disposici\u00f3n del Ministerio P\u00fablico.<\/p>\n\n\n\n<p>El agente del Ministerio P\u00fablico de la Subprocuradur\u00eda de Procedimientos Penales regi\u00f3n poniente, recab\u00f3 datos de prueba para solicitar al juez de control, vinculaci\u00f3n a proceso de los probables delincuentes,identificados como Javier \u201cN\u201d y Jos\u00e9 Alejandro \u201cN\u201d.<\/p>\n\n\n\n<p>En audiencia inicial, la autoridad judicial dict\u00f3 vinculaci\u00f3n a proceso de ellos, mismos que fueron sujetos a la medida cautelar de prisi\u00f3n preventiva oficiosa. La autoridad judicial determin\u00f3 un plazo de tres meses para el cierre de la investigaci\u00f3n complementaria.<\/p>\n","protected":false},"excerpt":{"rendered":"<p>Lo cometieron el 4 de junio en una bodega de la colonia Lomas de Pedregal en Apan<\/p>\n","protected":false},"author":93,"featured_media":0,"comment_status":"closed","ping_status":"open","sticky":false,"template":"","format":"standard","meta":{"footnotes":""},"categories":[37],"tags":[],"class_list":["post-124028","post","type-post","status-publish","format-standard","hentry","category-barandilla"],"_links":{"self":[{"href":"https:\/\/plazajuarez.mx\/historico\/wp-json\/wp\/v2\/posts\/124028","targetHints":{"allow":["GET"]}}],"collection":[{"href":"https:\/\/plazajuarez.mx\/historico\/wp-json\/wp\/v2\/posts"}],"about":[{"href":"https:\/\/plazajuarez.mx\/historico\/wp-json\/wp\/v2\/types\/post"}],"author":[{"embeddable":true,"href":"https:\/\/plazajuarez.mx\/historico\/wp-json\/wp\/v2\/users\/93"}],"replies":[{"embeddable":true,"href":"https:\/\/plazajuarez.mx\/historico\/wp-json\/wp\/v2\/comments?post=124028"}],"version-history":[{"count":0,"href":"https:\/\/plazajuarez.mx\/historico\/wp-json\/wp\/v2\/posts\/124028\/revisions"}],"wp:attachment":[{"href":"https:\/\/plazajuarez.mx\/historico\/wp-json\/wp\/v2\/media?parent=124028"}],"wp:term":[{"taxonomy":"category","embeddable":true,"href":"https:\/\/plazajuarez.mx\/historico\/wp-json\/wp\/v2\/categories?post=124028"},{"taxonomy":"post_tag","embeddable":true,"href":"https:\/\/plazajuarez.mx\/historico\/wp-json\/wp\/v2\/tags?post=124028"}],"curies":[{"name":"wp","href":"https:\/\/api.w.org\/{rel}","templated":true}]}}