{"id":124003,"date":"2020-07-15T07:14:48","date_gmt":"2020-07-15T12:14:48","guid":{"rendered":"https:\/\/plazajuarez.mx\/?p=124003"},"modified":"2020-07-15T07:15:04","modified_gmt":"2020-07-15T12:15:04","slug":"preparan-festejos-para-el-senor-de-jalpan","status":"publish","type":"post","link":"https:\/\/plazajuarez.mx\/historico\/preparan-festejos-para-el-senor-de-jalpan\/","title":{"rendered":"Preparan festejos para el Se\u00f1or de Jalpan"},"content":{"rendered":"\n<ul class=\"wp-block-list\"><li><strong>Sin embargo, la celebraci\u00f3n estar\u00e1 supeditada al comportamiento de la pandemia&nbsp;&nbsp;<\/strong><\/li><\/ul>\n\n\n\n<!--more-->\n\n\n\n<p><strong>Ixmiquilpan.-<\/strong> Contin\u00faan los preparativos para los festejos conmemorativos de los 250 a\u00f1os de la llegada del Santo Patrono de Ixmiquilpan, Se\u00f1or de Jalpan, a partir de agosto.\u00a0<\/p>\n\n\n\n<p>La conmemoraci\u00f3n habr\u00e1 de terminar a finales del a\u00f1o, seg\u00fan los planes de la iglesia cat\u00f3lica y de los mayordomos.&nbsp;<\/p>\n\n\n\n<p>Sin embargo, se teme que la pandemia del Covid19, habr\u00eda de complicar los festejos programados para el siguiente mes con motivo de la feria anual.&nbsp;<\/p>\n\n\n\n<p>\u201cLes informamos que estamos preparando los festejos con los que conmemoramos los 250 a\u00f1os de la llegada del Se\u00f1or de Jalpan a Ixmiquilpan. Esto en coordinaci\u00f3n con nuestro p\u00e1rroco, las autoridades de Salud y gobierno correspondientes, as\u00ed como con las mayordom\u00edas del Se\u00f1or de Jalpan de todas las comunidades, haciendo menci\u00f3n que en este a\u00f1o la prioridad es cuidarnos entre todos\u201d.<\/p>\n\n\n\n<p>De acuerdo a la parroquia, ser\u00e1 de acuerdo al comportamiento de la pandemia y sobre esa manera se determinar\u00e1n los festejos correspondientes. \u201cPedimos mucho de su comprensi\u00f3n y apoyo, ya que por la situaci\u00f3n de la pandemia que afecta al mundo entero los festejos se realizar\u00e1n de manera diferente a como se realizaban tradicionalmente\u201d (sic).&nbsp;<\/p>\n\n\n\n<p>En d\u00edas pr\u00f3ximos daremos a conocer todos los pormenores de esta festividad. Haciendo hincapi\u00e9 que este a\u00f1o lo primero ser\u00e1 cuidarnos para salir pronto de esta situaci\u00f3n. (sic)<\/p>\n\n\n\n<p>Igual pedimos no compartir informaci\u00f3n falsa que no sea emitida por la coordinaci\u00f3n de festejos y el medio para realizarlo ser\u00e1 a trav\u00e9s de esta p\u00e1gina. (sic)&nbsp;<\/p>\n\n\n\n<p>Compartan la pagina ya que a trav\u00e9s de esta, ser\u00e1 la trasmisi\u00f3n de los eventos que lleguen a realizarse y podamos llegar a m\u00e1s personas. (sic)<\/p>\n\n\n\n<p>Nos encomendamos mucho a Dios a trav\u00e9s del Se\u00f1or de Jalpan para superar esta pandemia lo m\u00e1s pronto posible y de la mejor manera.&nbsp;<\/p>\n","protected":false},"excerpt":{"rendered":"<p>Sin embargo, la celebraci\u00f3n estar\u00e1 supeditada al comportamiento de la pandemia&nbsp;&nbsp;<\/p>\n","protected":false},"author":75,"featured_media":0,"comment_status":"closed","ping_status":"open","sticky":false,"template":"","format":"standard","meta":{"footnotes":""},"categories":[40],"tags":[],"class_list":["post-124003","post","type-post","status-publish","format-standard","hentry","category-region"],"_links":{"self":[{"href":"https:\/\/plazajuarez.mx\/historico\/wp-json\/wp\/v2\/posts\/124003","targetHints":{"allow":["GET"]}}],"collection":[{"href":"https:\/\/plazajuarez.mx\/historico\/wp-json\/wp\/v2\/posts"}],"about":[{"href":"https:\/\/plazajuarez.mx\/historico\/wp-json\/wp\/v2\/types\/post"}],"author":[{"embeddable":true,"href":"https:\/\/plazajuarez.mx\/historico\/wp-json\/wp\/v2\/users\/75"}],"replies":[{"embeddable":true,"href":"https:\/\/plazajuarez.mx\/historico\/wp-json\/wp\/v2\/comments?post=124003"}],"version-history":[{"count":0,"href":"https:\/\/plazajuarez.mx\/historico\/wp-json\/wp\/v2\/posts\/124003\/revisions"}],"wp:attachment":[{"href":"https:\/\/plazajuarez.mx\/historico\/wp-json\/wp\/v2\/media?parent=124003"}],"wp:term":[{"taxonomy":"category","embeddable":true,"href":"https:\/\/plazajuarez.mx\/historico\/wp-json\/wp\/v2\/categories?post=124003"},{"taxonomy":"post_tag","embeddable":true,"href":"https:\/\/plazajuarez.mx\/historico\/wp-json\/wp\/v2\/tags?post=124003"}],"curies":[{"name":"wp","href":"https:\/\/api.w.org\/{rel}","templated":true}]}}