{"id":123990,"date":"2020-07-15T07:03:43","date_gmt":"2020-07-15T12:03:43","guid":{"rendered":"https:\/\/plazajuarez.mx\/?p=123990"},"modified":"2020-07-15T07:03:57","modified_gmt":"2020-07-15T12:03:57","slug":"refuerzan-medidas-sanitarias-en-el-transporte-publico","status":"publish","type":"post","link":"https:\/\/plazajuarez.mx\/historico\/refuerzan-medidas-sanitarias-en-el-transporte-publico\/","title":{"rendered":"Refuerzan medidas sanitarias en el transporte p\u00fablico"},"content":{"rendered":"\n<ul class=\"wp-block-list\"><li><strong>El uso de cubrebocas ayuda a mitigar los contagios; es necesario generar una conciencia colectiva respecto a ello<\/strong><\/li><\/ul>\n\n\n\n<ul class=\"wp-block-list\"><li><strong>El cubrebocas salvar\u00e1 vidas en espacios donde conviven un n\u00famero importante de personas.<\/strong><\/li><\/ul>\n\n\n\n<!--more-->\n\n\n\n<p><strong>Tolcayuca<\/strong>.- El Gobierno municipal realiza una campa\u00f1a con los conductores de las unidades de transporte p\u00fablico; para que de manera obligatoria utilicen (al igual que usuarios) cubrebocas para evitar contagios Covid.\u00a0<\/p>\n\n\n\n<p>El alcalde, Humberto M\u00e9rida, se\u00f1al\u00f3 que esta acci\u00f3n se lleva a cabo como parte de los acuerdos establecidos entre el Gobierno Municipal, la Jurisdicci\u00f3n Sanitaria Regi\u00f3n XII de Tizayuca y concesionarios del transporte p\u00fablico local. Dijo que hay un significativo n\u00famero de personas que por cuestiones laborales, se trasladan de Tizayuca a Pachuca, Estado de M\u00e9xico y CDMX.&nbsp;<\/p>\n\n\n\n<p>Cabe mencionar que hay un n\u00famero importante de casos positivos, por lo que el transporte p\u00fablico es considerado como un espacio de gran riesgo para la propagaci\u00f3n del virus.<\/p>\n\n\n\n<p>Ignacio Gonz\u00e1lez Solano, responsable de la Coordinaci\u00f3n de Reglamentos y Espect\u00e1culos y quien forma parte del equipo municipal que atiende la emergencia sanitaria, inform\u00f3 que es un trabajo conjunto entre autoridades y personal del transporte p\u00fablico, que incluye la colocaci\u00f3n de anuncios en diez autobuses de la l\u00ednea Estrella Blanca, diez de la l\u00ednea Tolcayuca, 30 combis de diferentes rutas y 22 taxis en la Cabecera Municipal y de la comunidad de Las Pintas.&nbsp;<\/p>\n\n\n\n<p>Finalmente, las autoridades atendieron las solicitudes que los mismos habitantes indican que hab\u00eda usuarios que no respetaban las medidas sanitarias dentro de las unidades.&nbsp;<\/p>\n","protected":false},"excerpt":{"rendered":"<p>El uso de cubrebocas ayuda a mitigar los contagios; es necesario generar una conciencia colectiva respecto a ello El cubrebocas salvar\u00e1 vidas en espacios donde conviven un n\u00famero importante de personas.<\/p>\n","protected":false},"author":78,"featured_media":0,"comment_status":"closed","ping_status":"open","sticky":false,"template":"","format":"standard","meta":{"footnotes":""},"categories":[40],"tags":[],"class_list":["post-123990","post","type-post","status-publish","format-standard","hentry","category-region"],"_links":{"self":[{"href":"https:\/\/plazajuarez.mx\/historico\/wp-json\/wp\/v2\/posts\/123990","targetHints":{"allow":["GET"]}}],"collection":[{"href":"https:\/\/plazajuarez.mx\/historico\/wp-json\/wp\/v2\/posts"}],"about":[{"href":"https:\/\/plazajuarez.mx\/historico\/wp-json\/wp\/v2\/types\/post"}],"author":[{"embeddable":true,"href":"https:\/\/plazajuarez.mx\/historico\/wp-json\/wp\/v2\/users\/78"}],"replies":[{"embeddable":true,"href":"https:\/\/plazajuarez.mx\/historico\/wp-json\/wp\/v2\/comments?post=123990"}],"version-history":[{"count":0,"href":"https:\/\/plazajuarez.mx\/historico\/wp-json\/wp\/v2\/posts\/123990\/revisions"}],"wp:attachment":[{"href":"https:\/\/plazajuarez.mx\/historico\/wp-json\/wp\/v2\/media?parent=123990"}],"wp:term":[{"taxonomy":"category","embeddable":true,"href":"https:\/\/plazajuarez.mx\/historico\/wp-json\/wp\/v2\/categories?post=123990"},{"taxonomy":"post_tag","embeddable":true,"href":"https:\/\/plazajuarez.mx\/historico\/wp-json\/wp\/v2\/tags?post=123990"}],"curies":[{"name":"wp","href":"https:\/\/api.w.org\/{rel}","templated":true}]}}