{"id":123988,"date":"2020-07-15T07:07:43","date_gmt":"2020-07-15T12:07:43","guid":{"rendered":"https:\/\/plazajuarez.mx\/?p=123988"},"modified":"2020-07-15T07:07:59","modified_gmt":"2020-07-15T12:07:59","slug":"alcalde-desmiente-categoricamente-a-regidor","status":"publish","type":"post","link":"https:\/\/plazajuarez.mx\/historico\/alcalde-desmiente-categoricamente-a-regidor\/","title":{"rendered":"Alcalde desmiente categ\u00f3ricamente a regidor"},"content":{"rendered":"\n<ul class=\"wp-block-list\"><li><strong>Niega haber incurrido en ejercicio indebido del servicio p\u00fablico<\/strong><\/li><\/ul>\n\n\n\n<ul class=\"wp-block-list\"><li><strong>Fernando P\u00e9rez Rodr\u00edguez se\u00f1ala que el regidor, Pedro Hiram Soto Marqu\u00e9s, obedece a tiempos pol\u00edticos\u00a0\u00a0\u00a0\u00a0<\/strong><\/li><\/ul>\n\n\n\n<!--more-->\n\n\n\n<p><strong>Tulancingo<\/strong>.- Ante recientes declaraciones vertidas por el regidor Pedro Hiram Soto M\u00e1rquez en las que realiz\u00f3 serios se\u00f1alamientos que carecen de sustento y veracidad en contra de su persona y servidores p\u00fablicos, el presidente municipal, Fernando P\u00e9rez Rodr\u00edguez, inform\u00f3 que se actuar\u00e1 conforme a Derecho pues existen elementos suficientes para responder ante difamaciones por el supuesto ejercicio indebido del servicio p\u00fablico, cohecho y peculado.<\/p>\n\n\n\n<p>El alcalde desminti\u00f3 que el recurso de seis millones de pesos, recientemente aprobado por el Ayuntamiento para fines de actualizaci\u00f3n catastral vaya a ser destinado al pago de bonos a regidores al concluir la actual administraci\u00f3n municipal.<\/p>\n\n\n\n<p>Integrantes del Ayuntamiento, indic\u00f3, se mostraron sorprendidos y molestos ante tales declaraciones y se considera que el tema tiene un trasfondo pol\u00edtico m\u00e1s all\u00e1 de cuidar el erario p\u00fablico.<\/p>\n\n\n\n<p>El ejecutivo agreg\u00f3 que en atenci\u00f3n a la normatividad estatal, la actualizaci\u00f3n del catastro debe realizarse de manera peri\u00f3dica pues la din\u00e1mica de la ciudad tiene cambios y lo m\u00e1s importante es que este programa no implica heredar adeudos.<\/p>\n\n\n\n<p>Se record\u00f3 que esta administraci\u00f3n ha actuado con responsabilidad financiera desde el primer d\u00eda, y no hay raz\u00f3n justificada o acuerdo interno para la entrega de bonos a regidores y m\u00e1s a\u00fan en tiempos tan complicados, cuando los recursos son insuficientes para atender las crecientes necesidades del municipio.<\/p>\n\n\n\n<p>En lo referente a que el supuesto bono para regidores ser\u00eda cubierto con recursos de la feria, el mandatario neg\u00f3 tal situaci\u00f3n pues en cada edici\u00f3n ferial se han presentado estados financieros detallados por conceptos y siempre ha existido transparencia que puede ser cotejada con documentaci\u00f3n que lo avala.<\/p>\n\n\n\n<p>El alcalde tulancinguense atribuy\u00f3 el actuar del regidor a los tiempos pol\u00edticos en donde se busca&nbsp; denostar para atraer la atenci\u00f3n de la prensa y para generar pol\u00e9mica y denostaci\u00f3n ante la ciudadan\u00eda, a trav\u00e9s de se\u00f1alamientos infundados.<\/p>\n\n\n\n<p>Finalmente, el jefe del Ejecutivo municipal, Fernando P\u00e9rez Rodr\u00edguez, reiter\u00f3 su compromiso de seguir trabajando por Tulancingo a fin de entregar un municipio en las mejores condiciones y sobre todo con finanzas sanas.<\/p>\n\n\n\n<p>Las acusaciones manifestadas en contra del mandatario local son equivocadas en forma y en fondo involucrando a diversas personas que har\u00e1n la defensa correspondiente.<\/p>\n\n\n\n<p>Se reconoci\u00f3 al Ayuntamiento local por su compromiso con la legalidad y sobre todo con la honestidad para no incurrir en actos discrecionales que impliquen afectaci\u00f3n al erario p\u00fablico.<\/p>\n\n\n\n<p>Todo lo actuado ha sido consensuado al interior del cabildo, tal y como lo se\u00f1ala la normatividad interna y la de observancia general.&nbsp;<\/p>\n","protected":false},"excerpt":{"rendered":"<p>Niega haber incurrido en ejercicio indebido del servicio p\u00fablico Fernando P\u00e9rez Rodr\u00edguez se\u00f1ala que el regidor, Pedro Hiram Soto Marqu\u00e9s, obedece a tiempos pol\u00edticos\u00a0\u00a0\u00a0\u00a0<\/p>\n","protected":false},"author":93,"featured_media":0,"comment_status":"closed","ping_status":"open","sticky":false,"template":"","format":"standard","meta":{"footnotes":""},"categories":[40],"tags":[],"class_list":["post-123988","post","type-post","status-publish","format-standard","hentry","category-region"],"_links":{"self":[{"href":"https:\/\/plazajuarez.mx\/historico\/wp-json\/wp\/v2\/posts\/123988","targetHints":{"allow":["GET"]}}],"collection":[{"href":"https:\/\/plazajuarez.mx\/historico\/wp-json\/wp\/v2\/posts"}],"about":[{"href":"https:\/\/plazajuarez.mx\/historico\/wp-json\/wp\/v2\/types\/post"}],"author":[{"embeddable":true,"href":"https:\/\/plazajuarez.mx\/historico\/wp-json\/wp\/v2\/users\/93"}],"replies":[{"embeddable":true,"href":"https:\/\/plazajuarez.mx\/historico\/wp-json\/wp\/v2\/comments?post=123988"}],"version-history":[{"count":0,"href":"https:\/\/plazajuarez.mx\/historico\/wp-json\/wp\/v2\/posts\/123988\/revisions"}],"wp:attachment":[{"href":"https:\/\/plazajuarez.mx\/historico\/wp-json\/wp\/v2\/media?parent=123988"}],"wp:term":[{"taxonomy":"category","embeddable":true,"href":"https:\/\/plazajuarez.mx\/historico\/wp-json\/wp\/v2\/categories?post=123988"},{"taxonomy":"post_tag","embeddable":true,"href":"https:\/\/plazajuarez.mx\/historico\/wp-json\/wp\/v2\/tags?post=123988"}],"curies":[{"name":"wp","href":"https:\/\/api.w.org\/{rel}","templated":true}]}}