{"id":123987,"date":"2020-07-15T07:02:37","date_gmt":"2020-07-15T12:02:37","guid":{"rendered":"https:\/\/plazajuarez.mx\/?p=123987"},"modified":"2020-07-15T07:02:47","modified_gmt":"2020-07-15T12:02:47","slug":"bares-y-centros-nocturnos-abriran-viernes-y-sabado","status":"publish","type":"post","link":"https:\/\/plazajuarez.mx\/historico\/bares-y-centros-nocturnos-abriran-viernes-y-sabado\/","title":{"rendered":"Bares y centros nocturnos abrir\u00e1n viernes y s\u00e1bado"},"content":{"rendered":"\n<ul class=\"wp-block-list\"><li><strong>Al igual que cantinas, cervecer\u00edas y vinater\u00edas; concesi\u00f3n lograda despu\u00e9s de manifestarse y bloquear Alcald\u00eda&nbsp;<\/strong><\/li><\/ul>\n\n\n\n<ul class=\"wp-block-list\"><li><strong>Podr\u00e1n abrir de 17:00 a 24:00 horas y operar al 30% de asistencia de clientes<\/strong><\/li><\/ul>\n\n\n\n<!--more-->\n\n\n\n<p><strong>Tula de Allende<\/strong>.- Tras manifestarse y bloquear los dos accesos al Palacio Municipal, propietarios y trabajadores de bares, centros nocturnos, cantinas, cervecer\u00edas y vinater\u00eda, lograron que el Gobierno Municipal les autorizara reabrir sus negocios los d\u00edas viernes y s\u00e1bado en un horario de las 5:00 de la tarde a las 12:00 de la noche.<\/p>\n\n\n\n<p>Durante la manifestaci\u00f3n de ayer en la alcald\u00eda, los trabajadores y propietarios de los llamados \u201cgiros rojos\u201d exigieron a las autoridades municipales y a las del Sector Salud permitirles reabrir sus negocios, mismos que mantienen cerrados desde hace cuatro meses por la pandemia.<\/p>\n\n\n\n<p>Los manifestantes se quejaron de que no todos los establecimientos permanec\u00edan cerrados, ya que algunos violaron la ley y abr\u00edan su negocio con la complacencia de Reglamentos. Esto lo dijeron frente al titular de ese sector, Manuel Mart\u00ednez Luj\u00e1n.<\/p>\n\n\n\n<p>Le recriminaron que en varias ocasiones le mostraron las pruebas de c\u00f3mo algunos permanec\u00edan abiertos y con un importante n\u00famero de clientes en el interior de los establecimientos, y que otros lo hac\u00edan de manera clandestina, y que en ning\u00fan momento atendi\u00f3 los reportes.<\/p>\n\n\n\n<p>Dijeron que eran el \u00fanico giro al que no hab\u00edan dejado de trabajar, pese a que muchas familias dependen de esa actividad y que si bien su actividad no era esencial, el ingreso que ellos generan si es esencial para sus familias.<\/p>\n\n\n\n<p>Revelaron que como consecuencia de la falta de empleo, tanto trabajadores como propietarios, ya deb\u00edan mucho dinero, por lo que su situaci\u00f3n les resultaba insostenible, y que lo \u00fanico que piden es que los dejen trabajar.<\/p>\n\n\n\n<p>Los quejosos impidieron el paso a los trabajadores municipales y a la poblaci\u00f3n en general a la alcald\u00eda; para ser atendidos, arrib\u00f3 el secretario general municipal Alejandro \u00c1lvarez Cer\u00f3n y luego de nombrarse una comisi\u00f3n, se llev\u00f3 a cabo una reuni\u00f3n en la sala de cabildo.<\/p>\n\n\n\n<p>Como parte de los acuerdos con la autoridad municipal y del sector salud, los comerciantes de los llamados giros rojos lograron la autorizaci\u00f3n de abrir sus establecimientos los viernes y s\u00e1bados de 5:00 de la tarde a 12:00 de la noche y de 17:00 a 24:00 horas con 30% de asistencia de clientes.<\/p>\n","protected":false},"excerpt":{"rendered":"<p>Al igual que cantinas, cervecer\u00edas y vinater\u00edas; concesi\u00f3n lograda despu\u00e9s de manifestarse y bloquear Alcald\u00eda&nbsp; Podr\u00e1n abrir de 17:00 a 24:00 horas y operar al 30% de asistencia de clientes<\/p>\n","protected":false},"author":71,"featured_media":0,"comment_status":"closed","ping_status":"open","sticky":false,"template":"","format":"standard","meta":{"footnotes":""},"categories":[40],"tags":[],"class_list":["post-123987","post","type-post","status-publish","format-standard","hentry","category-region"],"_links":{"self":[{"href":"https:\/\/plazajuarez.mx\/historico\/wp-json\/wp\/v2\/posts\/123987","targetHints":{"allow":["GET"]}}],"collection":[{"href":"https:\/\/plazajuarez.mx\/historico\/wp-json\/wp\/v2\/posts"}],"about":[{"href":"https:\/\/plazajuarez.mx\/historico\/wp-json\/wp\/v2\/types\/post"}],"author":[{"embeddable":true,"href":"https:\/\/plazajuarez.mx\/historico\/wp-json\/wp\/v2\/users\/71"}],"replies":[{"embeddable":true,"href":"https:\/\/plazajuarez.mx\/historico\/wp-json\/wp\/v2\/comments?post=123987"}],"version-history":[{"count":0,"href":"https:\/\/plazajuarez.mx\/historico\/wp-json\/wp\/v2\/posts\/123987\/revisions"}],"wp:attachment":[{"href":"https:\/\/plazajuarez.mx\/historico\/wp-json\/wp\/v2\/media?parent=123987"}],"wp:term":[{"taxonomy":"category","embeddable":true,"href":"https:\/\/plazajuarez.mx\/historico\/wp-json\/wp\/v2\/categories?post=123987"},{"taxonomy":"post_tag","embeddable":true,"href":"https:\/\/plazajuarez.mx\/historico\/wp-json\/wp\/v2\/tags?post=123987"}],"curies":[{"name":"wp","href":"https:\/\/api.w.org\/{rel}","templated":true}]}}