{"id":123986,"date":"2020-07-15T07:01:39","date_gmt":"2020-07-15T12:01:39","guid":{"rendered":"https:\/\/plazajuarez.mx\/?p=123986"},"modified":"2020-07-15T07:01:51","modified_gmt":"2020-07-15T12:01:51","slug":"reacciones-sobre-la-reapertura-de-bares-y-cantinas","status":"publish","type":"post","link":"https:\/\/plazajuarez.mx\/historico\/reacciones-sobre-la-reapertura-de-bares-y-cantinas\/","title":{"rendered":"Reacciones sobre la reapertura de bares y cantinas"},"content":{"rendered":"\n<ul class=\"wp-block-list\"><li><strong>Algunos a favor; muchos en contra; \u201cla salud est\u00e1 en riesgo\u201d<\/strong><\/li><\/ul>\n\n\n\n<!--more-->\n\n\n\n<p><strong>Tula de Allende<\/strong>.- Tras la autorizaci\u00f3n a la apertura de bares, centros nocturnos, cantinas, cervecer\u00edas y vinater\u00edas, las reacciones de la poblaci\u00f3n no se hicieron esperar; unos expresaron su apoyo, mientras que otros externaron su total rechazo.<\/p>\n\n\n\n<p>Padres de familia se\u00f1alaron que no les parec\u00eda justo que permitan reabrir bares, cantinas, centros nocturnos, cervecer\u00edas y vinater\u00edas que las instituciones educativas, \u201cincongruentes las medidas de las autoridades gubernamentales y del Sector Salud\u201d.<\/p>\n\n\n\n<p>Dijeron entender la situaci\u00f3n que est\u00e1n viviendo por la crisis econ\u00f3mica, pero que el aperturar los antros resulta un riesgo de m\u00e1s&nbsp; contagios del COVID-19, y que eso pone en peligro a toda la poblaci\u00f3n si se genera un rebrote de la enfermedad, y m\u00e1s porque mucha gente no respeta las medidas sanitarias.<\/p>\n\n\n\n<p>Los ciudadanos consultados y algunos que manifestaron su descontento a trav\u00e9s de las redes sociales, puntualizaron que si la gente en sus cinco sentidos no respeta las medidas sanitarias de sana distancia, utilizaci\u00f3n de cubrebocas y aplicaci\u00f3n de gen, menos lo van a hacer al calor de las copas o durante una convivencia estrecha.<\/p>\n","protected":false},"excerpt":{"rendered":"<p>Algunos a favor; muchos en contra; \u201cla salud est\u00e1 en riesgo\u201d<\/p>\n","protected":false},"author":71,"featured_media":0,"comment_status":"closed","ping_status":"open","sticky":false,"template":"","format":"standard","meta":{"footnotes":""},"categories":[40],"tags":[],"class_list":["post-123986","post","type-post","status-publish","format-standard","hentry","category-region"],"_links":{"self":[{"href":"https:\/\/plazajuarez.mx\/historico\/wp-json\/wp\/v2\/posts\/123986","targetHints":{"allow":["GET"]}}],"collection":[{"href":"https:\/\/plazajuarez.mx\/historico\/wp-json\/wp\/v2\/posts"}],"about":[{"href":"https:\/\/plazajuarez.mx\/historico\/wp-json\/wp\/v2\/types\/post"}],"author":[{"embeddable":true,"href":"https:\/\/plazajuarez.mx\/historico\/wp-json\/wp\/v2\/users\/71"}],"replies":[{"embeddable":true,"href":"https:\/\/plazajuarez.mx\/historico\/wp-json\/wp\/v2\/comments?post=123986"}],"version-history":[{"count":0,"href":"https:\/\/plazajuarez.mx\/historico\/wp-json\/wp\/v2\/posts\/123986\/revisions"}],"wp:attachment":[{"href":"https:\/\/plazajuarez.mx\/historico\/wp-json\/wp\/v2\/media?parent=123986"}],"wp:term":[{"taxonomy":"category","embeddable":true,"href":"https:\/\/plazajuarez.mx\/historico\/wp-json\/wp\/v2\/categories?post=123986"},{"taxonomy":"post_tag","embeddable":true,"href":"https:\/\/plazajuarez.mx\/historico\/wp-json\/wp\/v2\/tags?post=123986"}],"curies":[{"name":"wp","href":"https:\/\/api.w.org\/{rel}","templated":true}]}}