{"id":123968,"date":"2020-07-15T06:50:16","date_gmt":"2020-07-15T11:50:16","guid":{"rendered":"https:\/\/plazajuarez.mx\/?p=123968"},"modified":"2020-07-15T06:50:31","modified_gmt":"2020-07-15T11:50:31","slug":"mas-de-1-9-millones-de-personas-pasaron-a-la-informalidad","status":"publish","type":"post","link":"https:\/\/plazajuarez.mx\/historico\/mas-de-1-9-millones-de-personas-pasaron-a-la-informalidad\/","title":{"rendered":"M\u00e1s de 1.9 millones de personas pasaron a la informalidad"},"content":{"rendered":"\n<ul class=\"wp-block-list\"><li><strong>Refiere Ricardo Rivera que cerca de 29 millones de personas pasaron a ganar salarios por debajo de la l\u00ednea de bienestar\u00a0<\/strong><\/li><\/ul>\n\n\n\n<!--more-->\n\n\n\n<p>Derivado de la afectaci\u00f3n econ\u00f3mica por la emergencia sanitaria, el presidente de la Confederaci\u00f3n Patronal de la Rep\u00fablica Mexicana (Coparmex) en Hidalgo, Ricardo Rivera Barqu\u00edn, declar\u00f3 que m\u00e1s de 1.9 millones de personas pasaron a la informalidad, y que este deterioro obliga que haya un trabajo en conjunto entre la iniciativa privada y el Gobierno Federal.&nbsp;<\/p>\n\n\n\n<p>Coment\u00f3 que, ante el panorama que impera en la actualidad, se tiene el registro de empresas que cierran y de personas que pierden sus empleos, y a medida que pasa esto tambi\u00e9n aumenta el n\u00famero de personas que trabajan en la informalidad, por lo que refiri\u00f3 que para esta situaci\u00f3n existen alternativas de soluci\u00f3n, con el que se pueda trabajar en coordinaci\u00f3n con la administraci\u00f3n federal.&nbsp;<\/p>\n\n\n\n<p>El representante patronal refiri\u00f3 que, en caso de que el gobierno mantenga la pol\u00edtica de no apoyar a los empleos, se prev\u00e9n dos tipos de escenarios, en la que el positivo es de 1.3 millones de empleos perdidos, y el negativo, que asciende a los 1.8 millones, y que de acuerdo con datos oficiales, esta crisis aumentar\u00e1 el problema de la informalidad.&nbsp;<\/p>\n\n\n\n<p>Por otro lado, declar\u00f3 que al no existir oportunidades de empleo formal, se contribuir\u00e1 a que este problema se acent\u00fae, y que muestra de ello es que tan solo en el mes de mayo, m\u00e1s de 1.9 millones de personas se sumaron a las filas de la informalidad, generando que los niveles de pobreza laboral tambi\u00e9n aumenten.<\/p>\n","protected":false},"excerpt":{"rendered":"<p>Refiere Ricardo Rivera que cerca de 29 millones de personas pasaron a ganar salarios por debajo de la l\u00ednea de bienestar\u00a0<\/p>\n","protected":false},"author":93,"featured_media":0,"comment_status":"closed","ping_status":"open","sticky":false,"template":"","format":"standard","meta":{"footnotes":""},"categories":[59],"tags":[],"class_list":["post-123968","post","type-post","status-publish","format-standard","hentry","category-general"],"_links":{"self":[{"href":"https:\/\/plazajuarez.mx\/historico\/wp-json\/wp\/v2\/posts\/123968","targetHints":{"allow":["GET"]}}],"collection":[{"href":"https:\/\/plazajuarez.mx\/historico\/wp-json\/wp\/v2\/posts"}],"about":[{"href":"https:\/\/plazajuarez.mx\/historico\/wp-json\/wp\/v2\/types\/post"}],"author":[{"embeddable":true,"href":"https:\/\/plazajuarez.mx\/historico\/wp-json\/wp\/v2\/users\/93"}],"replies":[{"embeddable":true,"href":"https:\/\/plazajuarez.mx\/historico\/wp-json\/wp\/v2\/comments?post=123968"}],"version-history":[{"count":0,"href":"https:\/\/plazajuarez.mx\/historico\/wp-json\/wp\/v2\/posts\/123968\/revisions"}],"wp:attachment":[{"href":"https:\/\/plazajuarez.mx\/historico\/wp-json\/wp\/v2\/media?parent=123968"}],"wp:term":[{"taxonomy":"category","embeddable":true,"href":"https:\/\/plazajuarez.mx\/historico\/wp-json\/wp\/v2\/categories?post=123968"},{"taxonomy":"post_tag","embeddable":true,"href":"https:\/\/plazajuarez.mx\/historico\/wp-json\/wp\/v2\/tags?post=123968"}],"curies":[{"name":"wp","href":"https:\/\/api.w.org\/{rel}","templated":true}]}}