{"id":123965,"date":"2020-07-15T06:46:28","date_gmt":"2020-07-15T11:46:28","guid":{"rendered":"https:\/\/plazajuarez.mx\/?p=123965"},"modified":"2020-07-15T06:46:41","modified_gmt":"2020-07-15T11:46:41","slug":"amplian-las-medidas-de-apoyo-para-proteger-a-trabajadores-por-covid-19","status":"publish","type":"post","link":"https:\/\/plazajuarez.mx\/historico\/amplian-las-medidas-de-apoyo-para-proteger-a-trabajadores-por-covid-19\/","title":{"rendered":"Ampl\u00edan las medidas de apoyo para proteger a trabajadores por Covid-19"},"content":{"rendered":"\n<ul class=\"wp-block-list\"><li><strong>Solo el 0.7 por ciento de los acreditados dej\u00f3 de pagar durante la emergencia de salud<\/strong><\/li><\/ul>\n\n\n\n<!--more-->\n\n\n\n<p>El Instituto del Fondo Nacional de la Vivienda para los Trabajadores (Infonavit) inform\u00f3 que ampli\u00f3 el plazo para solicitar los apoyos a trabajadores y para los empleadores adscritos a sus programas, hasta el 31 de agosto, a fin de proteger las fuentes de empleo.&nbsp;<\/p>\n\n\n\n<p>Ante la pandemia del Covid-19, el Infonavit tiene el objetivo de continuar ayudando a las y los trabajadores a conservar su patrimonio y a tener solvencia financiera durante la emergencia sanitaria por el Covid-19, y&nbsp; los acreditados que perdieron su empleo o sufrieron una reducci\u00f3n salarial, y a\u00fan no han recibido los apoyos, puedan solicitarlos ingresando a www.micuenta.infonavit.org.mx.&nbsp;&nbsp;<\/p>\n\n\n\n<p>As\u00ed mismo, en entrevista virtual para medios de comunicaci\u00f3n, \u00d3scar Gallegos Ram\u00edrez, delegado en Hidalgo del Infonavit, inform\u00f3 que hasta el momento 458 empresas en la entidad han recibido amparo para cuidar las fuentes de empleo, de las cuales 436 son Peque\u00f1as y Medianas Empresas (PyMEs) con menos de 250 trabajadores, y el resto de las 22 refieren a empresas grandes.<\/p>\n","protected":false},"excerpt":{"rendered":"<p>Solo el 0.7 por ciento de los acreditados dej\u00f3 de pagar durante la emergencia de salud<\/p>\n","protected":false},"author":93,"featured_media":0,"comment_status":"closed","ping_status":"open","sticky":false,"template":"","format":"standard","meta":{"footnotes":""},"categories":[59],"tags":[],"class_list":["post-123965","post","type-post","status-publish","format-standard","hentry","category-general"],"_links":{"self":[{"href":"https:\/\/plazajuarez.mx\/historico\/wp-json\/wp\/v2\/posts\/123965","targetHints":{"allow":["GET"]}}],"collection":[{"href":"https:\/\/plazajuarez.mx\/historico\/wp-json\/wp\/v2\/posts"}],"about":[{"href":"https:\/\/plazajuarez.mx\/historico\/wp-json\/wp\/v2\/types\/post"}],"author":[{"embeddable":true,"href":"https:\/\/plazajuarez.mx\/historico\/wp-json\/wp\/v2\/users\/93"}],"replies":[{"embeddable":true,"href":"https:\/\/plazajuarez.mx\/historico\/wp-json\/wp\/v2\/comments?post=123965"}],"version-history":[{"count":0,"href":"https:\/\/plazajuarez.mx\/historico\/wp-json\/wp\/v2\/posts\/123965\/revisions"}],"wp:attachment":[{"href":"https:\/\/plazajuarez.mx\/historico\/wp-json\/wp\/v2\/media?parent=123965"}],"wp:term":[{"taxonomy":"category","embeddable":true,"href":"https:\/\/plazajuarez.mx\/historico\/wp-json\/wp\/v2\/categories?post=123965"},{"taxonomy":"post_tag","embeddable":true,"href":"https:\/\/plazajuarez.mx\/historico\/wp-json\/wp\/v2\/tags?post=123965"}],"curies":[{"name":"wp","href":"https:\/\/api.w.org\/{rel}","templated":true}]}}