{"id":123963,"date":"2020-07-15T06:45:36","date_gmt":"2020-07-15T11:45:36","guid":{"rendered":"https:\/\/plazajuarez.mx\/?p=123963"},"modified":"2020-07-15T06:45:50","modified_gmt":"2020-07-15T11:45:50","slug":"concejos-no-deben-ser-motivo-de-discusion","status":"publish","type":"post","link":"https:\/\/plazajuarez.mx\/historico\/concejos-no-deben-ser-motivo-de-discusion\/","title":{"rendered":"Concejos no deben ser motivo de discusi\u00f3n"},"content":{"rendered":"\n<ul class=\"wp-block-list\"><li><strong>Debe salir beneficiado el pueblo hidalguense, no grupos: Asael Hern\u00e1ndez\u00a0<\/strong><\/li><\/ul>\n\n\n\n<!--more-->\n\n\n\n<p>El diputado local de la fracci\u00f3n del Partido Acci\u00f3n Nacional (PAN), Asael Hern\u00e1ndez Cer\u00f3n, se\u00f1al\u00f3 que ante la designaci\u00f3n de Concejos Municipales Interinos que tendr\u00e1 que hacer el congreso local espera que el proceso se lleve en orden, sin intereses de grupos o partidos de por medio y por el bien de los hidalguenses por lo que no debe haber cabida para disputas con tintes pol\u00edticos.<\/p>\n\n\n\n<p>\u201cLos tiempos son verdaderamente complicados, tenemos que hacer uso de las facultades que nos confiere la ley en esta legislatura, en lo que se refiere a la designaci\u00f3n de concejos.&nbsp; Irremediablemente no habr\u00e1 elecci\u00f3n antes del 5 de septiembre y aunque la hubiera no dar\u00eda tiempo por lo que establece la Ley Electoral, por eso tenemos que estar preparados para que tengamos una buena designaci\u00f3n de los 84 Concejos Municipales\u201d, explic\u00f3 en entrevista para el programa Al Aire de Radio y Televisi\u00f3n de Hidalgo.&nbsp;<\/p>\n\n\n\n<p>Y agreg\u00f3: \u201cser\u00e1 esta comisi\u00f3n y nosotros en el pleno, los que tendremos que aprobar, no tiene por qu\u00e9 haber enfrentamientos o discusiones, esta designaci\u00f3n que se habr\u00e1 de realizar para los 84 municipios solamente ser\u00e1n de manera interina, recepcionar\u00e1n las administraciones municipales vigentes para cumplir con lo que establece la ley, no tiene que ser motivo de discusi\u00f3n\u201d.<\/p>\n\n\n\n<p>Finalmente, coment\u00f3 que el objetivo debe ser claro: \u201clo que tenemos procurar es que el estado no se condicione, que no caiga en una ingobernabilidad y que sea lo mejor para los 84 municipios\u201d.<\/p>\n","protected":false},"excerpt":{"rendered":"<p>Debe salir beneficiado el pueblo hidalguense, no grupos: Asael Hern\u00e1ndez\u00a0<\/p>\n","protected":false},"author":93,"featured_media":0,"comment_status":"closed","ping_status":"open","sticky":false,"template":"","format":"standard","meta":{"footnotes":""},"categories":[59],"tags":[],"class_list":["post-123963","post","type-post","status-publish","format-standard","hentry","category-general"],"_links":{"self":[{"href":"https:\/\/plazajuarez.mx\/historico\/wp-json\/wp\/v2\/posts\/123963","targetHints":{"allow":["GET"]}}],"collection":[{"href":"https:\/\/plazajuarez.mx\/historico\/wp-json\/wp\/v2\/posts"}],"about":[{"href":"https:\/\/plazajuarez.mx\/historico\/wp-json\/wp\/v2\/types\/post"}],"author":[{"embeddable":true,"href":"https:\/\/plazajuarez.mx\/historico\/wp-json\/wp\/v2\/users\/93"}],"replies":[{"embeddable":true,"href":"https:\/\/plazajuarez.mx\/historico\/wp-json\/wp\/v2\/comments?post=123963"}],"version-history":[{"count":0,"href":"https:\/\/plazajuarez.mx\/historico\/wp-json\/wp\/v2\/posts\/123963\/revisions"}],"wp:attachment":[{"href":"https:\/\/plazajuarez.mx\/historico\/wp-json\/wp\/v2\/media?parent=123963"}],"wp:term":[{"taxonomy":"category","embeddable":true,"href":"https:\/\/plazajuarez.mx\/historico\/wp-json\/wp\/v2\/categories?post=123963"},{"taxonomy":"post_tag","embeddable":true,"href":"https:\/\/plazajuarez.mx\/historico\/wp-json\/wp\/v2\/tags?post=123963"}],"curies":[{"name":"wp","href":"https:\/\/api.w.org\/{rel}","templated":true}]}}