{"id":123950,"date":"2020-07-15T06:23:39","date_gmt":"2020-07-15T11:23:39","guid":{"rendered":"https:\/\/plazajuarez.mx\/?p=123950"},"modified":"2020-07-15T06:23:52","modified_gmt":"2020-07-15T11:23:52","slug":"hidalgo-participara-en-sector-aeroespacial","status":"publish","type":"post","link":"https:\/\/plazajuarez.mx\/historico\/hidalgo-participara-en-sector-aeroespacial\/","title":{"rendered":"Hidalgo participar\u00e1 en sector aeroespacial"},"content":{"rendered":"\n<ul class=\"wp-block-list\"><li><strong>Es el resultado de la alianza entre M\u00e9xico y Francia en la materia; permitir\u00e1 impulsar acciones de fomento a la innovaci\u00f3n y el desarrollo tecnol\u00f3gico<\/strong><\/li><\/ul>\n\n\n\n<!--more-->\n\n\n\n<p>Como resultado de la alianza entre M\u00e9xico y Francia para el impulso de acciones de fomento a la innovaci\u00f3n y el desarrollo tecnol\u00f3gico, Hidalgo contar\u00e1 con un <em>Laboratorio de innovaci\u00f3n, dise\u00f1o y manufactura digital para el sector aeroespacial<\/em>, donde se formen profesionales con la m\u00e1s alta especializaci\u00f3n en la materia, destac\u00f3 el gobernador Omar Fayad al participar este martes en la presentaci\u00f3n de la <em>Plataforma para la innovaci\u00f3n y dise\u00f1o de la aeron\u00e1utica<\/em>.<\/p>\n\n\n\n<p>En el marco de esta presentaci\u00f3n virtual, que cont\u00f3 con la participaci\u00f3n del ministro de Educaci\u00f3n de Francia, Jean-Michel Blanquer; el titular de la Secretar\u00eda de Educaci\u00f3n P\u00fablica (SEP), Esteban Moctezuma Barrag\u00e1n, el jefe de la Oficina de la Presidencia, Alfonso Romo Garza, y representantes del sector empresarial, el mandatario hidalguense destac\u00f3 la cooperaci\u00f3n de ambas naciones para promover programas y proyectos comunes, en beneficio de la sociedad.&nbsp;<\/p>\n\n\n\n<p>Omar Fayad puntualiz\u00f3 que esta alianza entre M\u00e9xico y el gobierno de Francia, permitir\u00e1 impulsar acciones de fomento a la innovaci\u00f3n y el desarrollo tecnol\u00f3gico, mediante la vinculaci\u00f3n entre la industria, la academia, el sector p\u00fablico y la sociedad civil, de manera que se incremente la inversi\u00f3n y se generen soluciones que satisfagan las demandas sociales.&nbsp;<\/p>\n\n\n\n<p>Generar alianzas, dijo, permitir\u00e1 dar respuesta a una crisis sanitaria mundial, provocada por el Covid-19, que ha suscitado menor inversi\u00f3n, erosi\u00f3n del capital humano por la p\u00e9rdida de trabajo y escolarizaci\u00f3n, adem\u00e1s de la fragmentaci\u00f3n de los v\u00ednculos mundiales de comercio y oferta.&nbsp;<\/p>\n\n\n\n<p>\u201cLa actual coyuntura mundial nos obliga a fortalecer el desarrollo cient\u00edfico y educativo, as\u00ed como la infraestructura necesaria para ello, y, construir soluciones innovadoras en el corto, mediano y largo plazo\u201d, destac\u00f3, por lo que tambi\u00e9n agradeci\u00f3 al Gobierno de M\u00e9xico, que encabeza el presidente Andr\u00e9s Manuel L\u00f3pez Obrador, por el apoyo que le ha brindado al estado de Hidalgo.&nbsp;<\/p>\n\n\n\n<p>El <em>Laboratorio de innovaci\u00f3n, dise\u00f1o y manufactura digital<\/em> para el sector aeroespacial se ubicar\u00e1 en la Universidad Polit\u00e9cnica Metropolitana de Hidalgo (UPMH), donde se forman y certifican profesionales de Hidalgo en el sector aeroespacial, para que participen en el dise\u00f1o de interiores para aviones, en el manejo de software especializado, en la oferta de servicios virtuales y manufactura aditiva.<\/p>\n","protected":false},"excerpt":{"rendered":"<p>Es el resultado de la alianza entre M\u00e9xico y Francia en la materia; permitir\u00e1 impulsar acciones de fomento a la innovaci\u00f3n y el desarrollo tecnol\u00f3gico<\/p>\n","protected":false},"author":93,"featured_media":0,"comment_status":"closed","ping_status":"open","sticky":false,"template":"","format":"standard","meta":{"footnotes":""},"categories":[15,59],"tags":[],"class_list":["post-123950","post","type-post","status-publish","format-standard","hentry","category-destacadas","category-general"],"_links":{"self":[{"href":"https:\/\/plazajuarez.mx\/historico\/wp-json\/wp\/v2\/posts\/123950","targetHints":{"allow":["GET"]}}],"collection":[{"href":"https:\/\/plazajuarez.mx\/historico\/wp-json\/wp\/v2\/posts"}],"about":[{"href":"https:\/\/plazajuarez.mx\/historico\/wp-json\/wp\/v2\/types\/post"}],"author":[{"embeddable":true,"href":"https:\/\/plazajuarez.mx\/historico\/wp-json\/wp\/v2\/users\/93"}],"replies":[{"embeddable":true,"href":"https:\/\/plazajuarez.mx\/historico\/wp-json\/wp\/v2\/comments?post=123950"}],"version-history":[{"count":0,"href":"https:\/\/plazajuarez.mx\/historico\/wp-json\/wp\/v2\/posts\/123950\/revisions"}],"wp:attachment":[{"href":"https:\/\/plazajuarez.mx\/historico\/wp-json\/wp\/v2\/media?parent=123950"}],"wp:term":[{"taxonomy":"category","embeddable":true,"href":"https:\/\/plazajuarez.mx\/historico\/wp-json\/wp\/v2\/categories?post=123950"},{"taxonomy":"post_tag","embeddable":true,"href":"https:\/\/plazajuarez.mx\/historico\/wp-json\/wp\/v2\/tags?post=123950"}],"curies":[{"name":"wp","href":"https:\/\/api.w.org\/{rel}","templated":true}]}}