{"id":123925,"date":"2020-07-14T13:17:03","date_gmt":"2020-07-14T18:17:03","guid":{"rendered":"https:\/\/plazajuarez.mx\/?p=123925"},"modified":"2020-07-14T13:17:18","modified_gmt":"2020-07-14T18:17:18","slug":"america-registro-el-64-de-muertes-por-covid-19-del-mundo-la-semana-pasada","status":"publish","type":"post","link":"https:\/\/plazajuarez.mx\/historico\/america-registro-el-64-de-muertes-por-covid-19-del-mundo-la-semana-pasada\/","title":{"rendered":"Am\u00e9rica registr\u00f3 el 64 % de muertes por COVID-19 del mundo la semana pasada"},"content":{"rendered":"\n<p>El 60 % de los nuevos contagios por COVID-19 y el 64 % de las muertes registradas por el virus en todo el globo durante la semana pasada se registraron en el continente americano, inform\u00f3 este martes la Organizaci\u00f3n Panamericana de la Salud (OPS).<\/p>\n\n\n\n<p>As\u00ed lo anunci\u00f3 la directora de la OPS, Carissa Etienne, en la rueda de prensa semanal de la organizaci\u00f3n, en la que explic\u00f3 que &#8220;a 13 de julio se hab\u00edan alcanzado los 6,8 millones de casos y 288.000 muertes en toda la regi\u00f3n, lo que equivale a aproximadamente la mitad de todos los casos y muertes reportados en todo el mundo\u201d.<\/p>\n\n\n\n<p>Etienne apunt\u00f3 adem\u00e1s que el n\u00famero de personas que mueren por el COVID-19 sigue en alza en Am\u00e9rica; particularmente en Brasil, M\u00e9xico y EE.UU., que informaron del 77 % de todas las muertes en el continente durante la \u00faltima semana y actualmente experimentan algunos de los brotes m\u00e1s mortales del mundo.<\/p>\n\n\n\n<p>En este sentido, Marcos Espinal, director del departamento de Enfermedades Transmisibles, anunci\u00f3 que Am\u00e9rica Latina ya ha sobrepasado a Am\u00e9rica del Norte como la segunda regi\u00f3n en cuanto a tasa de mortalidad por el COVID-19 en el mundo, pues solamente est\u00e1 por detr\u00e1s de Europa, donde hasta la fecha se han reportado en torno a 200.000 muertes.<\/p>\n\n\n\n<p>El m\u00e9dico atribuy\u00f3 este hecho a las altas tasas de desigualdad que se registran en la regi\u00f3n, las debilidades de sus sistemas sanitarios y la fuerte presencia de una econom\u00eda informal, que ha influido en la reapertura temprana de la actividad econ\u00f3mica en algunos pa\u00edses<\/p>\n\n\n\n<p>Por ello, Espinal llam\u00f3 a continuar aplicando las medidas de mitigaci\u00f3n, seguridad sanitaria y educaci\u00f3n de la poblaci\u00f3n para afrontar el avance de la pandemia.<\/p>\n\n\n\n<p>Por otro lado, la OPS apunt\u00f3 que es probable que no haya medicamentos o vacunas efectivas en los pr\u00f3ximos meses para combatir la enfermedad, pero que sigue siendo fundamental trabajar para garantizar el acceso equitativo a estas herramientas cuando est\u00e9n disponibles.<\/p>\n\n\n\n<p>Por ello, la organizaci\u00f3n est\u00e1 haciendo uso de su fondo rotativo para la compra y reparto justo de una hipot\u00e9tica vacuna del COVID-19, una iniciativa a la que ya se han a\u00f1adido 30 pa\u00edses, que no especific\u00f3.<\/p>\n","protected":false},"excerpt":{"rendered":"<p>El 60 % de los nuevos contagios por COVID-19 y el 64 % de las muertes registradas por el virus en todo el globo durante la semana pasada se registraron en el continente americano, inform\u00f3 este martes la Organizaci\u00f3n Panamericana de la Salud (OPS). As\u00ed lo anunci\u00f3 la directora de la OPS, Carissa Etienne, en [&hellip;]<\/p>\n","protected":false},"author":80,"featured_media":0,"comment_status":"closed","ping_status":"open","sticky":false,"template":"","format":"standard","meta":{"footnotes":""},"categories":[15,31],"tags":[],"class_list":["post-123925","post","type-post","status-publish","format-standard","hentry","category-destacadas","category-orbe"],"_links":{"self":[{"href":"https:\/\/plazajuarez.mx\/historico\/wp-json\/wp\/v2\/posts\/123925","targetHints":{"allow":["GET"]}}],"collection":[{"href":"https:\/\/plazajuarez.mx\/historico\/wp-json\/wp\/v2\/posts"}],"about":[{"href":"https:\/\/plazajuarez.mx\/historico\/wp-json\/wp\/v2\/types\/post"}],"author":[{"embeddable":true,"href":"https:\/\/plazajuarez.mx\/historico\/wp-json\/wp\/v2\/users\/80"}],"replies":[{"embeddable":true,"href":"https:\/\/plazajuarez.mx\/historico\/wp-json\/wp\/v2\/comments?post=123925"}],"version-history":[{"count":0,"href":"https:\/\/plazajuarez.mx\/historico\/wp-json\/wp\/v2\/posts\/123925\/revisions"}],"wp:attachment":[{"href":"https:\/\/plazajuarez.mx\/historico\/wp-json\/wp\/v2\/media?parent=123925"}],"wp:term":[{"taxonomy":"category","embeddable":true,"href":"https:\/\/plazajuarez.mx\/historico\/wp-json\/wp\/v2\/categories?post=123925"},{"taxonomy":"post_tag","embeddable":true,"href":"https:\/\/plazajuarez.mx\/historico\/wp-json\/wp\/v2\/tags?post=123925"}],"curies":[{"name":"wp","href":"https:\/\/api.w.org\/{rel}","templated":true}]}}