{"id":123919,"date":"2020-07-14T13:13:02","date_gmt":"2020-07-14T18:13:02","guid":{"rendered":"https:\/\/plazajuarez.mx\/?p=123919"},"modified":"2020-07-14T13:13:16","modified_gmt":"2020-07-14T18:13:16","slug":"propone-senador-convertir-la-cndh-en-consejo-nacional","status":"publish","type":"post","link":"https:\/\/plazajuarez.mx\/historico\/propone-senador-convertir-la-cndh-en-consejo-nacional\/","title":{"rendered":"Propone senador convertir la CNDH en Consejo Nacional"},"content":{"rendered":"\n<ul class=\"wp-block-list\"><li><strong>El nuevo CNDH &#8220;tendr\u00eda facultades de prevenci\u00f3n, investigaci\u00f3n, defensa, sanci\u00f3n y reparaci\u00f3n de da\u00f1os&#8221;<\/strong><\/li><\/ul>\n\n\n\n<!--more-->\n\n\n\n<p>El senador Armando Guadiana Tijerina (Morena), present\u00f3 en la mesa directiva de la Comisi\u00f3n Permanente una iniciativa de reformas constitucionales con el objeto de convertir la actual CNDH en un Consejo Nacional de Derechos Humanos, integrados por siete consejeros que elegir\u00edan a su presidente para s\u00f3lo un periodo de cuatro a\u00f1os.<\/p>\n\n\n\n<p><br>El nuevo CNDH &#8220;tendr\u00eda facultades de prevenci\u00f3n, investigaci\u00f3n, defensa, sanci\u00f3n y reparaci\u00f3n de da\u00f1os&#8221;.<\/p>\n\n\n\n<p><br>Con esto, la nueva instituci\u00f3n tendr\u00eda poder para que sus resoluciones fueran aplicadas. En la actualidad, las decisiones de la comisi\u00f3n no son vinculantes.<\/p>\n\n\n\n<p><br>El organismo dise\u00f1ado por Guadiana Tijerina contar\u00eda con siete comisionados que estar\u00edan en el cargo diez a\u00f1os.<\/p>\n\n\n\n<p><br>Propone reformas a los art\u00edculos 41, 102 y 105 de la Constituci\u00f3n.<br>Guadiana preve que el nuevo organismo cuente con autonom\u00eda, independencia, personalidad jur\u00eddica y patrimonio propio.<\/p>\n\n\n\n<p><br>Plantea integrar a la actual CNDH con el Conapred, Instituto Federal de Defensor\u00eda P\u00fablica del Poder Judicial, la Comisi\u00f3n Nacional de Arbitraje M\u00e9dico.<\/p>\n\n\n\n<figure class=\"wp-block-embed-facebook wp-block-embed is-type-video is-provider-facebook\"><div class=\"wp-block-embed__wrapper\">\nhttps:\/\/www.facebook.com\/ArmandoGuadianaTijerina\/videos\/2319585068337072\/\n<\/div><\/figure>\n\n\n\n<p><br>Indic\u00f3 que el Consejo Nacional de Derechos Humanos ser\u00e1 integrado por siete Consejeros que durar\u00e1n en su encargo diez a\u00f1os sin posibilidad de reelecci\u00f3n.<\/p>\n\n\n\n<p><br>En esas modificaciones se establece que el consejo se formar\u00eda con dos integrantes nombrados por el Senado; dos por la C\u00e1mara de Diputados; dos por la Suprema Corte de Justicia de la Naci\u00f3n, y uno por el Presidente de la Rep\u00fablica.<\/p>\n\n\n\n<p><br>El pleno del Consejo elegir\u00e1 presidente para un periodo de cuatro a\u00f1os sin reelecci\u00f3n.<\/p>\n\n\n\n<p><br>Precisa la iniciativa que la actual presidenta de la CNDH, continuar\u00e1 en su cargo que concluye en Noviembre del 2024.<\/p>\n","protected":false},"excerpt":{"rendered":"<p>El nuevo CNDH &#8220;tendr\u00eda facultades de prevenci\u00f3n, investigaci\u00f3n, defensa, sanci\u00f3n y reparaci\u00f3n de da\u00f1os&#8221;<\/p>\n","protected":false},"author":81,"featured_media":0,"comment_status":"closed","ping_status":"open","sticky":false,"template":"","format":"standard","meta":{"footnotes":""},"categories":[63],"tags":[],"class_list":["post-123919","post","type-post","status-publish","format-standard","hentry","category-las-camaras"],"_links":{"self":[{"href":"https:\/\/plazajuarez.mx\/historico\/wp-json\/wp\/v2\/posts\/123919","targetHints":{"allow":["GET"]}}],"collection":[{"href":"https:\/\/plazajuarez.mx\/historico\/wp-json\/wp\/v2\/posts"}],"about":[{"href":"https:\/\/plazajuarez.mx\/historico\/wp-json\/wp\/v2\/types\/post"}],"author":[{"embeddable":true,"href":"https:\/\/plazajuarez.mx\/historico\/wp-json\/wp\/v2\/users\/81"}],"replies":[{"embeddable":true,"href":"https:\/\/plazajuarez.mx\/historico\/wp-json\/wp\/v2\/comments?post=123919"}],"version-history":[{"count":0,"href":"https:\/\/plazajuarez.mx\/historico\/wp-json\/wp\/v2\/posts\/123919\/revisions"}],"wp:attachment":[{"href":"https:\/\/plazajuarez.mx\/historico\/wp-json\/wp\/v2\/media?parent=123919"}],"wp:term":[{"taxonomy":"category","embeddable":true,"href":"https:\/\/plazajuarez.mx\/historico\/wp-json\/wp\/v2\/categories?post=123919"},{"taxonomy":"post_tag","embeddable":true,"href":"https:\/\/plazajuarez.mx\/historico\/wp-json\/wp\/v2\/tags?post=123919"}],"curies":[{"name":"wp","href":"https:\/\/api.w.org\/{rel}","templated":true}]}}