{"id":123784,"date":"2020-07-14T06:38:43","date_gmt":"2020-07-14T11:38:43","guid":{"rendered":"https:\/\/plazajuarez.mx\/?p=123784"},"modified":"2020-07-14T06:38:57","modified_gmt":"2020-07-14T11:38:57","slug":"concurso-nacional-transparencia-en-corto-2020","status":"publish","type":"post","link":"https:\/\/plazajuarez.mx\/historico\/concurso-nacional-transparencia-en-corto-2020\/","title":{"rendered":"Concurso Nacional Transparencia en Corto 2020"},"content":{"rendered":"\n<p>A trav\u00e9s de una publicaci\u00f3n la Secretar\u00eda de Contralor\u00eda de Hidalgo, anunci\u00f3 que la convocatoria para el XV Concurso Nacional Transparencia en Corto 2020, qued\u00f3 oficialmente cancelada, en virtud de las medidas de restricci\u00f3n de movilidad y contacto f\u00edsico, para evitar la propagaci\u00f3n de la enfermedad generada por el virus SARS-CoV 2 (COVID-19).&nbsp;<\/p>\n\n\n\n<p>Sin embargo, de acuerdo con la Secretar\u00eda de Contralor\u00eda el recurso correspondiente a la premiaci\u00f3n de la edici\u00f3n n\u00famero 15 del Concurso Nacional Transparencia en Corto 202, se utilizar\u00e1 para llevar a cabo la realizaci\u00f3n del primer Concurso Estatal de Transparencia en Corto 2020.&nbsp;<\/p>\n\n\n\n<p>El objetivo es incentivar la participaci\u00f3n de las y los Hidalguenses en temas de relevancia para brindar un espacio de expresi\u00f3n que promueva la participaci\u00f3n activa de los j\u00f3venes sobre la cultura de la transparencia y rendici\u00f3n de cuentas como mecanismos del combate a la corrupci\u00f3n, a trav\u00e9s de un concurso de cortometrajes que impulse su creatividad, inter\u00e9s e iniciativa.<\/p>\n","protected":false},"excerpt":{"rendered":"<p>A trav\u00e9s de una publicaci\u00f3n la Secretar\u00eda de Contralor\u00eda de Hidalgo, anunci\u00f3 que la convocatoria para el XV Concurso Nacional Transparencia en Corto 2020, qued\u00f3 oficialmente cancelada, en virtud de las medidas de restricci\u00f3n de movilidad y contacto f\u00edsico, para evitar la propagaci\u00f3n de la enfermedad generada por el virus SARS-CoV 2 (COVID-19).&nbsp; Sin embargo, [&hellip;]<\/p>\n","protected":false},"author":93,"featured_media":0,"comment_status":"closed","ping_status":"open","sticky":false,"template":"","format":"standard","meta":{"footnotes":""},"categories":[59],"tags":[],"class_list":["post-123784","post","type-post","status-publish","format-standard","hentry","category-general"],"_links":{"self":[{"href":"https:\/\/plazajuarez.mx\/historico\/wp-json\/wp\/v2\/posts\/123784","targetHints":{"allow":["GET"]}}],"collection":[{"href":"https:\/\/plazajuarez.mx\/historico\/wp-json\/wp\/v2\/posts"}],"about":[{"href":"https:\/\/plazajuarez.mx\/historico\/wp-json\/wp\/v2\/types\/post"}],"author":[{"embeddable":true,"href":"https:\/\/plazajuarez.mx\/historico\/wp-json\/wp\/v2\/users\/93"}],"replies":[{"embeddable":true,"href":"https:\/\/plazajuarez.mx\/historico\/wp-json\/wp\/v2\/comments?post=123784"}],"version-history":[{"count":0,"href":"https:\/\/plazajuarez.mx\/historico\/wp-json\/wp\/v2\/posts\/123784\/revisions"}],"wp:attachment":[{"href":"https:\/\/plazajuarez.mx\/historico\/wp-json\/wp\/v2\/media?parent=123784"}],"wp:term":[{"taxonomy":"category","embeddable":true,"href":"https:\/\/plazajuarez.mx\/historico\/wp-json\/wp\/v2\/categories?post=123784"},{"taxonomy":"post_tag","embeddable":true,"href":"https:\/\/plazajuarez.mx\/historico\/wp-json\/wp\/v2\/tags?post=123784"}],"curies":[{"name":"wp","href":"https:\/\/api.w.org\/{rel}","templated":true}]}}