{"id":123771,"date":"2020-07-14T06:35:27","date_gmt":"2020-07-14T11:35:27","guid":{"rendered":"https:\/\/plazajuarez.mx\/?p=123771"},"modified":"2020-07-14T06:35:40","modified_gmt":"2020-07-14T11:35:40","slug":"invitan-a-proteger-invenciones-mediante-el-innova-fest-2020","status":"publish","type":"post","link":"https:\/\/plazajuarez.mx\/historico\/invitan-a-proteger-invenciones-mediante-el-innova-fest-2020\/","title":{"rendered":"Invitan a proteger invenciones, mediante el Innova Fest 2020"},"content":{"rendered":"\n<ul class=\"wp-block-list\"><li><strong>Selecci\u00f3n de propuestas se llevar\u00e1 a cabo a partir del cierre de la convocatoria y hasta el siete de septiembre<\/strong><\/li><\/ul>\n\n\n\n<!--more-->\n\n\n\n<p>El gobierno estatal, a trav\u00e9s del Consejo de Ciencia, Tecnolog\u00eda e Innovaci\u00f3n de Hidalgo (Citnova) emiti\u00f3 la convocatoria del Innova Fest 2020, el cual tiene por objetivo promover a incrementar la protecci\u00f3n de invenciones en materia de propiedad industrial en la entidad hidalguense.<\/p>\n\n\n\n<p>Esta va dirigida a instituciones educativas de los niveles medio superior y superior, investigadores, emprendedores, estudiantes, t\u00e9cnicos acad\u00e9micos, empresas, as\u00ed como al p\u00fablico en general, a fin de proteger sus invenciones bajo la Ley de Protecci\u00f3n Industrial.<\/p>\n\n\n\n<p>El registro de proyectos estar\u00e1 disponible mediante el enlace: <a href=\"https:\/\/forms.gle\/yPV5LHwkUBGnvYAAA\">https:\/\/forms.gle\/yPV5LHwkUBGnvYAAA<\/a> y hasta el pr\u00f3ximo 31 de agosto, inform\u00f3 el Consejo de Ciencia.<\/p>\n\n\n\n<p>Cabe destacar que la selecci\u00f3n de propuestas se llevar\u00e1 a cabo a partir del cierre de la convocatoria y hasta el siete de septiembre, a quienes hayan sido seleccionados, podr\u00e1n participar en la tercera fase, que consta de un taller de protecci\u00f3n de invenciones, el cual est\u00e1 previsto del 10 al 12 de septiembre, esta fecha est\u00e1 sujeta a cambios, se\u00f1al\u00f3 el Citnova.<\/p>\n","protected":false},"excerpt":{"rendered":"<p>Selecci\u00f3n de propuestas se llevar\u00e1 a cabo a partir del cierre de la convocatoria y hasta el siete de septiembre<\/p>\n","protected":false},"author":93,"featured_media":0,"comment_status":"closed","ping_status":"open","sticky":false,"template":"","format":"standard","meta":{"footnotes":""},"categories":[59],"tags":[],"class_list":["post-123771","post","type-post","status-publish","format-standard","hentry","category-general"],"_links":{"self":[{"href":"https:\/\/plazajuarez.mx\/historico\/wp-json\/wp\/v2\/posts\/123771","targetHints":{"allow":["GET"]}}],"collection":[{"href":"https:\/\/plazajuarez.mx\/historico\/wp-json\/wp\/v2\/posts"}],"about":[{"href":"https:\/\/plazajuarez.mx\/historico\/wp-json\/wp\/v2\/types\/post"}],"author":[{"embeddable":true,"href":"https:\/\/plazajuarez.mx\/historico\/wp-json\/wp\/v2\/users\/93"}],"replies":[{"embeddable":true,"href":"https:\/\/plazajuarez.mx\/historico\/wp-json\/wp\/v2\/comments?post=123771"}],"version-history":[{"count":0,"href":"https:\/\/plazajuarez.mx\/historico\/wp-json\/wp\/v2\/posts\/123771\/revisions"}],"wp:attachment":[{"href":"https:\/\/plazajuarez.mx\/historico\/wp-json\/wp\/v2\/media?parent=123771"}],"wp:term":[{"taxonomy":"category","embeddable":true,"href":"https:\/\/plazajuarez.mx\/historico\/wp-json\/wp\/v2\/categories?post=123771"},{"taxonomy":"post_tag","embeddable":true,"href":"https:\/\/plazajuarez.mx\/historico\/wp-json\/wp\/v2\/tags?post=123771"}],"curies":[{"name":"wp","href":"https:\/\/api.w.org\/{rel}","templated":true}]}}