{"id":123668,"date":"2020-07-13T06:36:37","date_gmt":"2020-07-13T11:36:37","guid":{"rendered":"https:\/\/plazajuarez.mx\/?p=123668"},"modified":"2020-07-13T06:36:46","modified_gmt":"2020-07-13T11:36:46","slug":"buscan-anteponer-gobernabilidad-a-los-intereses-politicos-2","status":"publish","type":"post","link":"https:\/\/plazajuarez.mx\/historico\/buscan-anteponer-gobernabilidad-a-los-intereses-politicos-2\/","title":{"rendered":"Buscan anteponer gobernabilidad, a los intereses pol\u00edticos"},"content":{"rendered":"\n<p>El diputado local de la fracci\u00f3n del Partido Revolucionario Institucional (PRI), Jos\u00e9 Luis Espinoza Silva, inform\u00f3 que derivado de que no ser\u00e1 posible tener presidentes municipales electos para el 5 de septiembre como marca la Constituci\u00f3n, el Congreso a trav\u00e9s de la Comisi\u00f3n de Gobernaci\u00f3n que \u00e9l preside, comenzar\u00e1 los trabajos para la asignaci\u00f3n de Concejos Municipales interinos.&nbsp;<\/p>\n\n\n\n<p>Por lo anterior, destac\u00f3: \u201cya tenemos inminente el proceso que tenemos que realizar, la responsabilidad cae en la Comisi\u00f3n de Gobernaci\u00f3n y coincido en que esa responsabilidad ser\u00e1 amplia, compleja y requerir\u00e1 de un trabajo tit\u00e1nico, conf\u00edo plenamente en que los compa\u00f1eros de la Comisi\u00f3n tendr\u00e1n esa responsabilidad y esp\u00edritu de servicio para poder trabajar esto\u201d.<\/p>\n\n\n\n<p>De igual forma, apunt\u00f3 que el dictamen que emane de la Comisi\u00f3n de Gobernaci\u00f3n, deber\u00e1 ser validado en el pleno por los 30 diputados que integran la 64 Legislatura, por lo que extendi\u00f3 la responsabilidad que se deber\u00e1 compartir al momento de sugerir algunas aportaciones al proyecto.<\/p>\n","protected":false},"excerpt":{"rendered":"<p>El diputado local de la fracci\u00f3n del Partido Revolucionario Institucional (PRI), Jos\u00e9 Luis Espinoza Silva, inform\u00f3 que derivado de que no ser\u00e1 posible tener presidentes municipales electos para el 5 de septiembre como marca la Constituci\u00f3n, el Congreso a trav\u00e9s de la Comisi\u00f3n de Gobernaci\u00f3n que \u00e9l preside, comenzar\u00e1 los trabajos para la asignaci\u00f3n de [&hellip;]<\/p>\n","protected":false},"author":72,"featured_media":0,"comment_status":"closed","ping_status":"open","sticky":false,"template":"","format":"standard","meta":{"footnotes":""},"categories":[59],"tags":[],"class_list":["post-123668","post","type-post","status-publish","format-standard","hentry","category-general"],"_links":{"self":[{"href":"https:\/\/plazajuarez.mx\/historico\/wp-json\/wp\/v2\/posts\/123668","targetHints":{"allow":["GET"]}}],"collection":[{"href":"https:\/\/plazajuarez.mx\/historico\/wp-json\/wp\/v2\/posts"}],"about":[{"href":"https:\/\/plazajuarez.mx\/historico\/wp-json\/wp\/v2\/types\/post"}],"author":[{"embeddable":true,"href":"https:\/\/plazajuarez.mx\/historico\/wp-json\/wp\/v2\/users\/72"}],"replies":[{"embeddable":true,"href":"https:\/\/plazajuarez.mx\/historico\/wp-json\/wp\/v2\/comments?post=123668"}],"version-history":[{"count":0,"href":"https:\/\/plazajuarez.mx\/historico\/wp-json\/wp\/v2\/posts\/123668\/revisions"}],"wp:attachment":[{"href":"https:\/\/plazajuarez.mx\/historico\/wp-json\/wp\/v2\/media?parent=123668"}],"wp:term":[{"taxonomy":"category","embeddable":true,"href":"https:\/\/plazajuarez.mx\/historico\/wp-json\/wp\/v2\/categories?post=123668"},{"taxonomy":"post_tag","embeddable":true,"href":"https:\/\/plazajuarez.mx\/historico\/wp-json\/wp\/v2\/tags?post=123668"}],"curies":[{"name":"wp","href":"https:\/\/api.w.org\/{rel}","templated":true}]}}